{"id":27801,"date":"2025-01-09T13:24:37","date_gmt":"2025-01-09T10:24:37","guid":{"rendered":"http:\/\/vkpatriarhat.org\/pg\/?p=27801"},"modified":"2025-01-09T14:33:28","modified_gmt":"2025-01-09T11:33:28","slug":"jubilar-de-2025","status":"publish","type":"post","link":"https:\/\/vkpatriarhat.org\/pg\/jubilar-de-2025\/","title":{"rendered":"O PCB: Bergoglio usa o Ano Jubilar de 2025 para encobrir o suic\u00eddio espiritual da Igreja"},"content":{"rendered":"\t\t<div data-elementor-type=\"wp-post\" data-elementor-id=\"27801\" class=\"elementor elementor-27801\" data-elementor-settings=\"[]\">\n\t\t\t\t\t\t\t<div class=\"elementor-section-wrap\">\n\t\t\t\t\t\t\t<section class=\"elementor-section elementor-top-section elementor-element elementor-element-693d844 elementor-section-boxed elementor-section-height-default elementor-section-height-default\" data-id=\"693d844\" data-element_type=\"section\">\n\t\t\t\t\t\t<div class=\"elementor-container elementor-column-gap-default\">\n\t\t\t\t\t<div class=\"elementor-column elementor-col-100 elementor-top-column elementor-element elementor-element-1e572b2\" data-id=\"1e572b2\" data-element_type=\"column\">\n\t\t\t<div class=\"elementor-widget-wrap elementor-element-populated\">\n\t\t\t\t\t\t\t\t<div class=\"elementor-element elementor-element-4a6af524 elementor-widget elementor-widget-text-editor\" data-id=\"4a6af524\" data-element_type=\"widget\" data-widget_type=\"text-editor.default\">\n\t\t\t\t<div class=\"elementor-widget-container\">\n\t\t\t\t\t<div class=\"elementor-text-editor elementor-clearfix\"><p style=\"text-align: justify;\">Bergoglio declarou um Ano Jubilar de perd\u00e3o, mas ele pr\u00f3prio rejeita radicalmente o arrependimento, a condi\u00e7\u00e3o para o perd\u00e3o! Ele n\u00e3o recuar\u00e1 um mil\u00edmetro da <em>Fiducia supplicans<\/em> suicida. Bergoglio nem mesmo recuar\u00e1 do princ\u00edpio da mudan\u00e7a de paradigma, com o qual ele est\u00e1 sistematicamente destruindo a Igreja Cat\u00f3lica. Ele teimosamente permanece impenitente! Este usurpador do papado continua em rebeli\u00e3o aberta contra Deus! Ele blasfema cinicamente contra Cristo. Ele persiste no pecado contra o Esp\u00edrito Santo. Ele est\u00e1 insidiosamente arrastando os cat\u00f3licos para o caminho do anti-arrependimento. Neste caminho suicida, como este falso profeta pode declarar um Ano Jubilar e conceder indulg\u00eancias em nome de Deus? \u00c9 uma zombaria do Deus Sant\u00edssimo e dos santos ap\u00f3stolos e m\u00e1rtires da Igreja. Uma causa sagrada e uma pr\u00e1tica piedosa est\u00e3o sendo abusadas ao m\u00e1ximo. Com que prop\u00f3sito? Para desviar a aten\u00e7\u00e3o do passo salvador necess\u00e1rio de separa\u00e7\u00e3o da <em>Fiducia supplicans<\/em> suicida e do usurpador do papado.<\/p><div style=\"text-align: center;\"><iframe title=\"YouTube video player\" src=\"https:\/\/www.youtube.com\/embed\/0epimJYsvmE?si=AXAx6muNwusML2lU\" width=\"770\" height=\"480\" frameborder=\"0\" allowfullscreen=\"allowfullscreen\"><\/iframe><\/div><p style=\"text-align: center;\"><span style=\"color: #210101;\"><em><strong>Este v\u00eddeo tamb\u00e9m pode ser visto aqui: <\/strong><\/em><\/span><br \/><span style=\"color: #800000;\"><em><strong><a href=\"https:\/\/rumble.com\/v67fkrg-ano-jubilar-de-2025.html\">https:\/\/rumble.com\/v67fkrg-ano-jubilar-de-2025.html<\/a>\u00a0 <a href=\"https:\/\/www.bitchute.com\/video\/XFiRB30GkHmv\/\">https:\/\/www.bitchute.com\/video\/XFiRB30GkHmv\/<\/a>\u00a0 \u00a0<\/strong><\/em><\/span><br \/><span style=\"color: #800000;\"><em><strong><a href=\"https:\/\/cos.tv\/videos\/play\/58165660738686976\">https:\/\/cos.tv\/videos\/play\/58165660738686976<\/a>\u00a0 \u00a0<\/strong><\/em><\/span><br \/><span style=\"color: #800000;\"><em><strong><a href=\"https:\/\/youtu.be\/0epimJYsvmE\">https:\/\/youtu.be\/0epimJYsvmE<\/a>\u00a0 \u00a0<\/strong><\/em><\/span><\/p><p><\/p><\/div><\/div><\/div><\/div><\/div><\/div><\/section><\/div><\/div><br><a class=\"btn btn-theme post-btn\" href=\"https:\/\/vkpatriarhat.org\/pg\/jubilar-de-2025\/\">\u0427\u0438\u0442\u0430\u0442\u0438 \u0434\u0430\u043b\u0456<\/a>","protected":false},"excerpt":{"rendered":"<p>Bergoglio declarou um Ano Jubilar de perd\u00e3o, mas ele pr\u00f3prio rejeita radicalmente o arrependimento, a condi\u00e7\u00e3o para o perd\u00e3o! Ele n\u00e3o recuar\u00e1 um mil\u00edmetro da Fiducia supplicans suicida. Bergoglio nem mesmo recuar\u00e1 do princ\u00edpio da mudan\u00e7a de paradigma, com o qual ele est\u00e1 sistematicamente destruindo a Igreja Cat\u00f3lica. Ele teimosamente permanece impenitente! Este usurpador do [&hellip;]<\/p>\n","protected":false},"author":1,"featured_media":27802,"comment_status":"closed","ping_status":"closed","sticky":false,"template":"","format":"standard","meta":[],"categories":[71,85],"tags":[],"_links":{"self":[{"href":"https:\/\/vkpatriarhat.org\/pg\/wp-json\/wp\/v2\/posts\/27801"}],"collection":[{"href":"https:\/\/vkpatriarhat.org\/pg\/wp-json\/wp\/v2\/posts"}],"about":[{"href":"https:\/\/vkpatriarhat.org\/pg\/wp-json\/wp\/v2\/types\/post"}],"author":[{"embeddable":true,"href":"https:\/\/vkpatriarhat.org\/pg\/wp-json\/wp\/v2\/users\/1"}],"replies":[{"embeddable":true,"href":"https:\/\/vkpatriarhat.org\/pg\/wp-json\/wp\/v2\/comments?post=27801"}],"version-history":[{"count":11,"href":"https:\/\/vkpatriarhat.org\/pg\/wp-json\/wp\/v2\/posts\/27801\/revisions"}],"predecessor-version":[{"id":27816,"href":"https:\/\/vkpatriarhat.org\/pg\/wp-json\/wp\/v2\/posts\/27801\/revisions\/27816"}],"wp:featuredmedia":[{"embeddable":true,"href":"https:\/\/vkpatriarhat.org\/pg\/wp-json\/wp\/v2\/media\/27802"}],"wp:attachment":[{"href":"https:\/\/vkpatriarhat.org\/pg\/wp-json\/wp\/v2\/media?parent=27801"}],"wp:term":[{"taxonomy":"category","embeddable":true,"href":"https:\/\/vkpatriarhat.org\/pg\/wp-json\/wp\/v2\/categories?post=27801"},{"taxonomy":"post_tag","embeddable":true,"href":"https:\/\/vkpatriarhat.org\/pg\/wp-json\/wp\/v2\/tags?post=27801"}],"curies":[{"name":"wp","href":"https:\/\/api.w.org\/{rel}","templated":true}]}}