{"id":27506,"date":"2024-11-21T13:31:28","date_gmt":"2024-11-21T10:31:28","guid":{"rendered":"http:\/\/vkpatriarhat.org\/pg\/?p=27506"},"modified":"2024-11-25T13:43:39","modified_gmt":"2024-11-25T10:43:39","slug":"o-cardeal-omella","status":"publish","type":"post","link":"https:\/\/vkpatriarhat.org\/pg\/o-cardeal-omella\/","title":{"rendered":"O PCB: O Cardeal Omella de Barcelona lan\u00e7a a maldi\u00e7\u00e3o sobre a Espanha"},"content":{"rendered":"\t\t<div data-elementor-type=\"wp-post\" data-elementor-id=\"27506\" class=\"elementor elementor-27506\" data-elementor-settings=\"[]\">\n\t\t\t\t\t\t\t<div class=\"elementor-section-wrap\">\n\t\t\t\t\t\t\t<section class=\"elementor-section elementor-top-section elementor-element elementor-element-4a630d09 elementor-section-boxed elementor-section-height-default elementor-section-height-default\" data-id=\"4a630d09\" data-element_type=\"section\">\n\t\t\t\t\t\t<div class=\"elementor-container elementor-column-gap-default\">\n\t\t\t\t\t<div class=\"elementor-column elementor-col-100 elementor-top-column elementor-element elementor-element-3cd37924\" data-id=\"3cd37924\" data-element_type=\"column\">\n\t\t\t<div class=\"elementor-widget-wrap elementor-element-populated\">\n\t\t\t\t\t\t\t\t<div class=\"elementor-element elementor-element-313be71c elementor-widget elementor-widget-text-editor\" data-id=\"313be71c\" data-element_type=\"widget\" data-widget_type=\"text-editor.default\">\n\t\t\t\t<div class=\"elementor-widget-container\">\n\t\t\t\t\t<div class=\"elementor-text-editor elementor-clearfix\"><p style=\"text-align: justify;\">Caro Cardeal Omella:<\/p><p style=\"text-align: justify;\">Tanto no ano passado como neste ano voc\u00ea foi um dos principais participantes do S\u00ednodo suicida de outubro. O pseudopapa Bergoglio tamb\u00e9m o incluiu entre os seus nove colaboradores mais pr\u00f3ximos, tendo como objetivo a destrui\u00e7\u00e3o paulatina da Igreja Cat\u00f3lica. Voc\u00eas promoveram a rebeli\u00e3o contra Deus ao legalizar a comunidade LGBTQ na Igreja. Assim, voc\u00ea atraiu sobre si mesmo a mais severa pena eclesi\u00e1stica <em>latae sententiae<\/em> e o castigo de Deus de an\u00e1tema, isto \u00e9, a maldi\u00e7\u00e3o e a excomunh\u00e3o da Igreja por promover o anti-evangelho sodom\u00edtico. O antipapa Bergoglio \u2013 juntamente com todos voc\u00eas, seus nove c\u00famplices \u2013 tamb\u00e9m incorreu nesta pena grav\u00edssima, ou seja, a excomunh\u00e3o da Igreja.<\/p><div style=\"text-align: center;\"><iframe title=\"YouTube video player\" src=\"https:\/\/www.youtube.com\/embed\/EYURHt8ZXdQ?si=AXAx6muNwusML2lU\" width=\"770\" height=\"480\" frameborder=\"0\" allowfullscreen=\"allowfullscreen\"><\/iframe><\/div><p style=\"text-align: center;\"><em><strong><span style=\"color: #120000;\">Este v\u00eddeo tamb\u00e9m pode ser visto aqui:<\/span> <span style=\"color: #800000;\"><a href=\"https:\/\/rumble.com\/v5rl07k-o-cardeal-omella.html\">https:\/\/rumble.com\/v5rl07k-o-cardeal-omella.html<\/a>\u00a0\u00a0<\/span><\/strong><\/em><br \/><span style=\"color: #800000;\"><em><strong><a href=\"https:\/\/old.bitchute.com\/video\/KOizVtlcDjvx\/\">https:\/\/old.bitchute.com\/video\/KOizVtlcDjvx\/<\/a>\u00a0 \u00a0<\/strong><\/em><\/span><br \/><span style=\"color: #800000;\"><em><strong><a href=\"https:\/\/cos.tv\/videos\/play\/57055191353037824\">https:\/\/cos.tv\/videos\/play\/57055191353037824<\/a>\u00a0 \u00a0<\/strong><\/em><\/span><br \/><span style=\"color: #800000;\"><em><strong><a href=\"https:\/\/youtu.be\/EYURHt8ZXdQ\">https:\/\/youtu.be\/EYURHt8ZXdQ<\/a>\u00a0 \u00a0<\/strong><\/em><\/span><\/p><p><\/p><\/div><\/div><\/div><\/div><\/div><\/div><\/section><\/div><\/div><br><a class=\"btn btn-theme post-btn\" href=\"https:\/\/vkpatriarhat.org\/pg\/o-cardeal-omella\/\">\u0427\u0438\u0442\u0430\u0442\u0438 \u0434\u0430\u043b\u0456<\/a>","protected":false},"excerpt":{"rendered":"<p>Caro Cardeal Omella: Tanto no ano passado como neste ano voc\u00ea foi um dos principais participantes do S\u00ednodo suicida de outubro. O pseudopapa Bergoglio tamb\u00e9m o incluiu entre os seus nove colaboradores mais pr\u00f3ximos, tendo como objetivo a destrui\u00e7\u00e3o paulatina da Igreja Cat\u00f3lica. Voc\u00eas promoveram a rebeli\u00e3o contra Deus ao legalizar a comunidade LGBTQ na [&hellip;]<\/p>\n","protected":false},"author":1,"featured_media":27507,"comment_status":"closed","ping_status":"closed","sticky":false,"template":"","format":"standard","meta":[],"categories":[71,85],"tags":[],"_links":{"self":[{"href":"https:\/\/vkpatriarhat.org\/pg\/wp-json\/wp\/v2\/posts\/27506"}],"collection":[{"href":"https:\/\/vkpatriarhat.org\/pg\/wp-json\/wp\/v2\/posts"}],"about":[{"href":"https:\/\/vkpatriarhat.org\/pg\/wp-json\/wp\/v2\/types\/post"}],"author":[{"embeddable":true,"href":"https:\/\/vkpatriarhat.org\/pg\/wp-json\/wp\/v2\/users\/1"}],"replies":[{"embeddable":true,"href":"https:\/\/vkpatriarhat.org\/pg\/wp-json\/wp\/v2\/comments?post=27506"}],"version-history":[{"count":34,"href":"https:\/\/vkpatriarhat.org\/pg\/wp-json\/wp\/v2\/posts\/27506\/revisions"}],"predecessor-version":[{"id":27602,"href":"https:\/\/vkpatriarhat.org\/pg\/wp-json\/wp\/v2\/posts\/27506\/revisions\/27602"}],"wp:featuredmedia":[{"embeddable":true,"href":"https:\/\/vkpatriarhat.org\/pg\/wp-json\/wp\/v2\/media\/27507"}],"wp:attachment":[{"href":"https:\/\/vkpatriarhat.org\/pg\/wp-json\/wp\/v2\/media?parent=27506"}],"wp:term":[{"taxonomy":"category","embeddable":true,"href":"https:\/\/vkpatriarhat.org\/pg\/wp-json\/wp\/v2\/categories?post=27506"},{"taxonomy":"post_tag","embeddable":true,"href":"https:\/\/vkpatriarhat.org\/pg\/wp-json\/wp\/v2\/tags?post=27506"}],"curies":[{"name":"wp","href":"https:\/\/api.w.org\/{rel}","templated":true}]}}