{"id":27211,"date":"2024-07-20T19:27:13","date_gmt":"2024-07-20T16:27:13","guid":{"rendered":"http:\/\/vkpatriarhat.org\/pg\/?p=27211"},"modified":"2024-08-03T20:06:13","modified_gmt":"2024-08-03T17:06:13","slug":"palavra-da-vida-lc-1-76-77-21-7-2024-4-8-2024","status":"publish","type":"post","link":"https:\/\/vkpatriarhat.org\/pg\/palavra-da-vida-lc-1-76-77-21-7-2024-4-8-2024\/","title":{"rendered":"Palavra da vida \u2013 Lc. 1, 76-77 (21\/7\/2024 \u2013 4\/8\/2024)"},"content":{"rendered":"\t\t<div data-elementor-type=\"wp-post\" data-elementor-id=\"27211\" class=\"elementor elementor-27211\" data-elementor-settings=\"[]\">\n\t\t\t\t\t\t\t<div class=\"elementor-section-wrap\">\n\t\t\t\t\t\t\t<section class=\"elementor-section elementor-top-section elementor-element elementor-element-7828e1de elementor-section-boxed elementor-section-height-default elementor-section-height-default\" data-id=\"7828e1de\" data-element_type=\"section\">\n\t\t\t\t\t\t<div class=\"elementor-container elementor-column-gap-default\">\n\t\t\t\t\t<div class=\"elementor-column elementor-col-100 elementor-top-column elementor-element elementor-element-648ce297\" data-id=\"648ce297\" data-element_type=\"column\">\n\t\t\t<div class=\"elementor-widget-wrap elementor-element-populated\">\n\t\t\t\t\t\t\t\t<div class=\"elementor-element elementor-element-12f0d285 elementor-widget elementor-widget-text-editor\" data-id=\"12f0d285\" data-element_type=\"widget\" data-widget_type=\"text-editor.default\">\n\t\t\t\t<div class=\"elementor-widget-container\">\n\t\t\t\t\t<div class=\"elementor-text-editor elementor-clearfix\"><h4 style=\"text-align: center;\"><span style=\"color: #000080;\"><em><strong>E tu, \u00f3 menino, ser\u00e1s chamado profeta do Alt\u00edssimo, <\/strong><\/em><\/span><\/h4><h4 style=\"text-align: center;\"><span style=\"color: #000080;\"><em><strong>Porque h\u00e1s de ir ante a face do Senhor, a preparar os seus caminhos; <\/strong><\/em><\/span><\/h4><h4 style=\"text-align: center;\"><span style=\"color: #000080;\"><em><strong>para dar ao seu povo conhecimento da salva\u00e7\u00e4o, na remiss\u00e4o dos seus pecados.<\/strong><\/em><\/span><\/h4><p><\/p><\/div><\/div><\/div><\/div><\/div><\/div><\/section><\/div><\/div><br><a class=\"btn btn-theme post-btn\" href=\"https:\/\/vkpatriarhat.org\/pg\/palavra-da-vida-lc-1-76-77-21-7-2024-4-8-2024\/\">\u0427\u0438\u0442\u0430\u0442\u0438 \u0434\u0430\u043b\u0456<\/a>","protected":false},"excerpt":{"rendered":"<p>E tu, \u00f3 menino, ser\u00e1s chamado profeta do Alt\u00edssimo, Porque h\u00e1s de ir ante a face do Senhor, a preparar os seus caminhos; para dar ao seu povo conhecimento da salva\u00e7\u00e4o, na remiss\u00e4o dos seus pecados.<\/p>\n","protected":false},"author":1,"featured_media":27212,"comment_status":"closed","ping_status":"closed","sticky":false,"template":"","format":"standard","meta":[],"categories":[269],"tags":[],"_links":{"self":[{"href":"https:\/\/vkpatriarhat.org\/pg\/wp-json\/wp\/v2\/posts\/27211"}],"collection":[{"href":"https:\/\/vkpatriarhat.org\/pg\/wp-json\/wp\/v2\/posts"}],"about":[{"href":"https:\/\/vkpatriarhat.org\/pg\/wp-json\/wp\/v2\/types\/post"}],"author":[{"embeddable":true,"href":"https:\/\/vkpatriarhat.org\/pg\/wp-json\/wp\/v2\/users\/1"}],"replies":[{"embeddable":true,"href":"https:\/\/vkpatriarhat.org\/pg\/wp-json\/wp\/v2\/comments?post=27211"}],"version-history":[{"count":7,"href":"https:\/\/vkpatriarhat.org\/pg\/wp-json\/wp\/v2\/posts\/27211\/revisions"}],"predecessor-version":[{"id":27248,"href":"https:\/\/vkpatriarhat.org\/pg\/wp-json\/wp\/v2\/posts\/27211\/revisions\/27248"}],"wp:featuredmedia":[{"embeddable":true,"href":"https:\/\/vkpatriarhat.org\/pg\/wp-json\/wp\/v2\/media\/27212"}],"wp:attachment":[{"href":"https:\/\/vkpatriarhat.org\/pg\/wp-json\/wp\/v2\/media?parent=27211"}],"wp:term":[{"taxonomy":"category","embeddable":true,"href":"https:\/\/vkpatriarhat.org\/pg\/wp-json\/wp\/v2\/categories?post=27211"},{"taxonomy":"post_tag","embeddable":true,"href":"https:\/\/vkpatriarhat.org\/pg\/wp-json\/wp\/v2\/tags?post=27211"}],"curies":[{"name":"wp","href":"https:\/\/api.w.org\/{rel}","templated":true}]}}