{"id":26880,"date":"2024-03-27T17:43:35","date_gmt":"2024-03-27T14:43:35","guid":{"rendered":"http:\/\/vkpatriarhat.org\/pg\/?p=26880"},"modified":"2024-03-27T17:49:58","modified_gmt":"2024-03-27T14:49:58","slug":"critica-do-livro","status":"publish","type":"post","link":"https:\/\/vkpatriarhat.org\/pg\/critica-do-livro\/","title":{"rendered":"O PCB: Cr\u00edtica do livro autobiogr\u00e1fico de Francisco Bergoglio"},"content":{"rendered":"\t\t<div data-elementor-type=\"wp-post\" data-elementor-id=\"26880\" class=\"elementor elementor-26880\" data-elementor-settings=\"[]\">\n\t\t\t\t\t\t\t<div class=\"elementor-section-wrap\">\n\t\t\t\t\t\t\t<section class=\"elementor-section elementor-top-section elementor-element elementor-element-1105b9f3 elementor-section-boxed elementor-section-height-default elementor-section-height-default\" data-id=\"1105b9f3\" data-element_type=\"section\">\n\t\t\t\t\t\t<div class=\"elementor-container elementor-column-gap-default\">\n\t\t\t\t\t<div class=\"elementor-column elementor-col-100 elementor-top-column elementor-element elementor-element-7f903d72\" data-id=\"7f903d72\" data-element_type=\"column\">\n\t\t\t<div class=\"elementor-widget-wrap elementor-element-populated\">\n\t\t\t\t\t\t\t\t<div class=\"elementor-element elementor-element-4163168a elementor-widget elementor-widget-text-editor\" data-id=\"4163168a\" data-element_type=\"widget\" data-widget_type=\"text-editor.default\">\n\t\t\t\t<div class=\"elementor-widget-container\">\n\t\t\t\t\t<div class=\"elementor-text-editor elementor-clearfix\"><p style=\"text-align: justify;\">A m\u00eddia informa que o livro autobiogr\u00e1fico de Bergoglio, com mais de 300 p\u00e1ginas, estar\u00e1 \u00e0 venda em 19 de mar\u00e7o de 2024. No livro, Bergoglio tamb\u00e9m menciona a sua ren\u00fancia, sublinhando que se trata de <em>\u201cuma hip\u00f3tese distante\u201d<\/em>, j\u00e1 que, segundo ele, n\u00e3o existem <em>\u201cmotivos t\u00e3o graves\u201d<\/em> para a sua ren\u00fancia.<\/p><p style=\"text-align: justify;\">Coment\u00e1rio: J\u00e1 em 2018, o ex-n\u00fancio nos Estados Unidos, C. M. Vigan\u00f2, apelou publicamente a Bergoglio e \u00e0 sua rede homossexual a renunciarem por motivos muito graves. Al\u00e9m disso, o fato \u00e9 que Bergoglio j\u00e1 se excomungou da Igreja por causa do seu pseudo-evangelho (cf. Gl 1, 8-9). Portanto, ele n\u00e3o pode ser sua cabe\u00e7a, como confirmam as Escrituras, os Padres e Doutores da Igreja e a constitui\u00e7\u00e3o dogm\u00e1tica. No entanto, ele continua a ocupar ilegalmente o papado.<\/p><\/div><\/div><\/div><\/div><\/div><\/div><\/section><\/div><\/div><br><a class=\"btn btn-theme post-btn\" href=\"https:\/\/vkpatriarhat.org\/pg\/critica-do-livro\/\">\u0427\u0438\u0442\u0430\u0442\u0438 \u0434\u0430\u043b\u0456<\/a>","protected":false},"excerpt":{"rendered":"<p>A m\u00eddia informa que o livro autobiogr\u00e1fico de Bergoglio, com mais de 300 p\u00e1ginas, estar\u00e1 \u00e0 venda em 19 de mar\u00e7o de 2024. No livro, Bergoglio tamb\u00e9m menciona a sua ren\u00fancia, sublinhando que se trata de \u201cuma hip\u00f3tese distante\u201d, j\u00e1 que, segundo ele, n\u00e3o existem \u201cmotivos t\u00e3o graves\u201d para a sua ren\u00fancia. Coment\u00e1rio: J\u00e1 em [&hellip;]<\/p>\n","protected":false},"author":1,"featured_media":26881,"comment_status":"closed","ping_status":"closed","sticky":false,"template":"","format":"standard","meta":[],"categories":[71],"tags":[],"_links":{"self":[{"href":"https:\/\/vkpatriarhat.org\/pg\/wp-json\/wp\/v2\/posts\/26880"}],"collection":[{"href":"https:\/\/vkpatriarhat.org\/pg\/wp-json\/wp\/v2\/posts"}],"about":[{"href":"https:\/\/vkpatriarhat.org\/pg\/wp-json\/wp\/v2\/types\/post"}],"author":[{"embeddable":true,"href":"https:\/\/vkpatriarhat.org\/pg\/wp-json\/wp\/v2\/users\/1"}],"replies":[{"embeddable":true,"href":"https:\/\/vkpatriarhat.org\/pg\/wp-json\/wp\/v2\/comments?post=26880"}],"version-history":[{"count":5,"href":"https:\/\/vkpatriarhat.org\/pg\/wp-json\/wp\/v2\/posts\/26880\/revisions"}],"predecessor-version":[{"id":26888,"href":"https:\/\/vkpatriarhat.org\/pg\/wp-json\/wp\/v2\/posts\/26880\/revisions\/26888"}],"wp:featuredmedia":[{"embeddable":true,"href":"https:\/\/vkpatriarhat.org\/pg\/wp-json\/wp\/v2\/media\/26881"}],"wp:attachment":[{"href":"https:\/\/vkpatriarhat.org\/pg\/wp-json\/wp\/v2\/media?parent=26880"}],"wp:term":[{"taxonomy":"category","embeddable":true,"href":"https:\/\/vkpatriarhat.org\/pg\/wp-json\/wp\/v2\/categories?post=26880"},{"taxonomy":"post_tag","embeddable":true,"href":"https:\/\/vkpatriarhat.org\/pg\/wp-json\/wp\/v2\/tags?post=26880"}],"curies":[{"name":"wp","href":"https:\/\/api.w.org\/{rel}","templated":true}]}}