{"id":26694,"date":"2024-01-28T00:16:22","date_gmt":"2024-01-27T21:16:22","guid":{"rendered":"http:\/\/vkpatriarhat.org\/pg\/?p=26694"},"modified":"2025-08-28T16:45:13","modified_gmt":"2025-08-28T13:45:13","slug":"apostolo-do-aquecimento","status":"publish","type":"post","link":"https:\/\/vkpatriarhat.org\/pg\/apostolo-do-aquecimento\/","title":{"rendered":"O PCB: Francisco Bergoglio, ap\u00f3stolo do aquecimento global"},"content":{"rendered":"\t\t<div data-elementor-type=\"wp-post\" data-elementor-id=\"26694\" class=\"elementor elementor-26694\" data-elementor-settings=\"[]\">\n\t\t\t\t\t\t\t<div class=\"elementor-section-wrap\">\n\t\t\t\t\t\t\t<section class=\"elementor-section elementor-top-section elementor-element elementor-element-2472837f elementor-section-boxed elementor-section-height-default elementor-section-height-default\" data-id=\"2472837f\" data-element_type=\"section\">\n\t\t\t\t\t\t<div class=\"elementor-container elementor-column-gap-default\">\n\t\t\t\t\t<div class=\"elementor-column elementor-col-100 elementor-top-column elementor-element elementor-element-498ad8e6\" data-id=\"498ad8e6\" data-element_type=\"column\">\n\t\t\t<div class=\"elementor-widget-wrap elementor-element-populated\">\n\t\t\t\t\t\t\t\t<div class=\"elementor-element elementor-element-6dfe8b63 elementor-widget elementor-widget-text-editor\" data-id=\"6dfe8b63\" data-element_type=\"widget\" data-widget_type=\"text-editor.default\">\n\t\t\t\t<div class=\"elementor-widget-container\">\n\t\t\t\t\t<div class=\"elementor-text-editor elementor-clearfix\"><p style=\"text-align: justify;\">Desde a sua ascens\u00e3o ileg\u00edtima ao papado em 2013, al\u00e9m de promover a sodomia, Bergoglio fez da histeria clim\u00e1tica e do extremismo ambiental elementos centrais do seu pontificado inv\u00e1lido. Em 2015, escreveu a enc\u00edclica <em>\u201cLaudato si\u201d<\/em>, um manifesto de ecologia integral. Em 4 de outubro de 2023, publicou um novo texto sobre o clima intitulado <em>\u201cLaudate Deum\u201d<\/em>, no qual, entre outras coisas, apela \u00e0s grandes pot\u00eancias para que abandonem os combust\u00edveis f\u00f3sseis. Em 2 de dezembro de 2023, na c\u00fapula do clima COP28, ele apelou aos l\u00edderes mundiais para que mudassem o ritmo na luta contra o aquecimento global:<em> \u201cIrm\u00e3s e irm\u00e3os, \u00e9 essencial uma mudan\u00e7a de ritmo que n\u00e3o seja uma modifica\u00e7\u00e3o parcial de rota, mas uma nova forma de avan\u00e7armos juntos.\u201d<\/em><\/p><div style=\"text-align: center;\"><script>!function(r,u,m,b,l,e){r._Rumble=b,r[b]||(r[b]=function(){(r[b]._=r[b]._||[]).push(arguments);if(r[b]._.length==1){l=u.createElement(m),e=u.getElementsByTagName(m)[0],l.async=1,l.src=\"https:\/\/rumble.com\/embedJS\/uf1ws9\"+(arguments[1].video?'.'+arguments[1].video:'')+\"\/?url=\"+encodeURIComponent(location.href)+\"&args=\"+encodeURIComponent(JSON.stringify([].slice.apply(arguments))),e.parentNode.insertBefore(l,e)}})}(window, document, \"script\", \"Rumble\");<\/script><div id=\"rumble_v471rv9\">\u00a0<\/div><p><script>\nRumble(\"play\", {\"video\":\"v471rv9\",\"div\":\"rumble_v471rv9\"});<\/script><\/p><\/div><p style=\"text-align: center;\"><em><strong><span style=\"color: #140000;\">Este v\u00eddeo tamb\u00e9m pode ser visto aqui:\u00a0<\/span><\/strong><\/em><br \/><span style=\"color: #800000;\"><em><strong><a href=\"https:\/\/ugetube.com\/watch\/4oGLSRSsIVVLKjD\">https:\/\/ugetube.com\/watch\/4oGLSRSsIVVLKjD<\/a>\u00a0 \u00a0<\/strong><\/em><\/span><br \/><span style=\"color: #800000;\"><em><strong><a href=\"https:\/\/cos.tv\/videos\/play\/50288095424451584\">https:\/\/cos.tv\/videos\/play\/50288095424451584<\/a>\u00a0 \u00a0<\/strong><\/em><\/span><br \/><span style=\"color: #800000;\"><em><strong><a href=\"https:\/\/rumble.com\/v49n34l-apstolo-do-aquecimento.html\">https:\/\/rumble.com\/v49n34l-apstolo-do-aquecimento.html<\/a>\u00a0 \u00a0<\/strong><\/em><\/span><br \/><span style=\"color: #800000;\"><em><strong><a href=\"https:\/\/www.bitchute.com\/video\/FhNqm36uIGBr\/\">https:\/\/www.bitchute.com\/video\/FhNqm36uIGBr\/<\/a>\u00a0 \u00a0<\/strong><\/em><\/span><\/p><p><\/p><\/div><\/div><\/div><\/div><\/div><\/div><\/section><\/div><\/div><br><a class=\"btn btn-theme post-btn\" href=\"https:\/\/vkpatriarhat.org\/pg\/apostolo-do-aquecimento\/\">\u0427\u0438\u0442\u0430\u0442\u0438 \u0434\u0430\u043b\u0456<\/a>","protected":false},"excerpt":{"rendered":"<p>Desde a sua ascens\u00e3o ileg\u00edtima ao papado em 2013, al\u00e9m de promover a sodomia, Bergoglio fez da histeria clim\u00e1tica e do extremismo ambiental elementos centrais do seu pontificado inv\u00e1lido. Em 2015, escreveu a enc\u00edclica \u201cLaudato si\u201d, um manifesto de ecologia integral. Em 4 de outubro de 2023, publicou um novo texto sobre o clima intitulado [&hellip;]<\/p>\n","protected":false},"author":1,"featured_media":26695,"comment_status":"closed","ping_status":"closed","sticky":false,"template":"","format":"standard","meta":[],"categories":[71,85],"tags":[],"_links":{"self":[{"href":"https:\/\/vkpatriarhat.org\/pg\/wp-json\/wp\/v2\/posts\/26694"}],"collection":[{"href":"https:\/\/vkpatriarhat.org\/pg\/wp-json\/wp\/v2\/posts"}],"about":[{"href":"https:\/\/vkpatriarhat.org\/pg\/wp-json\/wp\/v2\/types\/post"}],"author":[{"embeddable":true,"href":"https:\/\/vkpatriarhat.org\/pg\/wp-json\/wp\/v2\/users\/1"}],"replies":[{"embeddable":true,"href":"https:\/\/vkpatriarhat.org\/pg\/wp-json\/wp\/v2\/comments?post=26694"}],"version-history":[{"count":11,"href":"https:\/\/vkpatriarhat.org\/pg\/wp-json\/wp\/v2\/posts\/26694\/revisions"}],"predecessor-version":[{"id":29300,"href":"https:\/\/vkpatriarhat.org\/pg\/wp-json\/wp\/v2\/posts\/26694\/revisions\/29300"}],"wp:featuredmedia":[{"embeddable":true,"href":"https:\/\/vkpatriarhat.org\/pg\/wp-json\/wp\/v2\/media\/26695"}],"wp:attachment":[{"href":"https:\/\/vkpatriarhat.org\/pg\/wp-json\/wp\/v2\/media?parent=26694"}],"wp:term":[{"taxonomy":"category","embeddable":true,"href":"https:\/\/vkpatriarhat.org\/pg\/wp-json\/wp\/v2\/categories?post=26694"},{"taxonomy":"post_tag","embeddable":true,"href":"https:\/\/vkpatriarhat.org\/pg\/wp-json\/wp\/v2\/tags?post=26694"}],"curies":[{"name":"wp","href":"https:\/\/api.w.org\/{rel}","templated":true}]}}