{"id":26609,"date":"2023-12-23T20:51:04","date_gmt":"2023-12-23T17:51:04","guid":{"rendered":"http:\/\/vkpatriarhat.org\/pg\/?p=26609"},"modified":"2024-01-06T23:53:55","modified_gmt":"2024-01-06T20:53:55","slug":"palavra-da-vida-at-2-38-24-12-2023-7-1-2024","status":"publish","type":"post","link":"https:\/\/vkpatriarhat.org\/pg\/palavra-da-vida-at-2-38-24-12-2023-7-1-2024\/","title":{"rendered":"Palavra da vida \u2013 At. 2, 38 (24\/12\/2023 \u2013 7\/1\/2024)"},"content":{"rendered":"\t\t<div data-elementor-type=\"wp-post\" data-elementor-id=\"26609\" class=\"elementor elementor-26609\" data-elementor-settings=\"[]\">\n\t\t\t\t\t\t\t<div class=\"elementor-section-wrap\">\n\t\t\t\t\t\t\t<section class=\"elementor-section elementor-top-section elementor-element elementor-element-174556e6 elementor-section-boxed elementor-section-height-default elementor-section-height-default\" data-id=\"174556e6\" data-element_type=\"section\">\n\t\t\t\t\t\t<div class=\"elementor-container elementor-column-gap-default\">\n\t\t\t\t\t<div class=\"elementor-column elementor-col-100 elementor-top-column elementor-element elementor-element-52daf453\" data-id=\"52daf453\" data-element_type=\"column\">\n\t\t\t<div class=\"elementor-widget-wrap elementor-element-populated\">\n\t\t\t\t\t\t\t\t<div class=\"elementor-element elementor-element-3c43e868 elementor-widget elementor-widget-text-editor\" data-id=\"3c43e868\" data-element_type=\"widget\" data-widget_type=\"text-editor.default\">\n\t\t\t\t<div class=\"elementor-widget-container\">\n\t\t\t\t\t<div class=\"elementor-text-editor elementor-clearfix\"><h4 style=\"text-align: center;\"><span style=\"color: #000080;\"><em><strong>\u00abE disse-lhes Pedro: Arrependei-vos, <\/strong><\/em><\/span><\/h4><h4 style=\"text-align: center;\"><span style=\"color: #000080;\"><em><strong>e cada um de v\u00f3s seja batizado em nome de Jesus Cristo, <\/strong><\/em><\/span><\/h4><h4 style=\"text-align: center;\"><span style=\"color: #000080;\"><em><strong>para perd\u00e4o dos pecados; e recebereis o dom do Esp\u00edrito Santo.\u00bb<\/strong><\/em><\/span> <\/h4><\/div><\/div><\/div><\/div><\/div><\/div><\/section><\/div><\/div><br><a class=\"btn btn-theme post-btn\" href=\"https:\/\/vkpatriarhat.org\/pg\/palavra-da-vida-at-2-38-24-12-2023-7-1-2024\/\">\u0427\u0438\u0442\u0430\u0442\u0438 \u0434\u0430\u043b\u0456<\/a>","protected":false},"excerpt":{"rendered":"<p>\u00abE disse-lhes Pedro: Arrependei-vos, e cada um de v\u00f3s seja batizado em nome de Jesus Cristo, para perd\u00e4o dos pecados; e recebereis o dom do Esp\u00edrito Santo.\u00bb<\/p>\n","protected":false},"author":1,"featured_media":26610,"comment_status":"closed","ping_status":"closed","sticky":false,"template":"","format":"standard","meta":[],"categories":[269],"tags":[],"_links":{"self":[{"href":"https:\/\/vkpatriarhat.org\/pg\/wp-json\/wp\/v2\/posts\/26609"}],"collection":[{"href":"https:\/\/vkpatriarhat.org\/pg\/wp-json\/wp\/v2\/posts"}],"about":[{"href":"https:\/\/vkpatriarhat.org\/pg\/wp-json\/wp\/v2\/types\/post"}],"author":[{"embeddable":true,"href":"https:\/\/vkpatriarhat.org\/pg\/wp-json\/wp\/v2\/users\/1"}],"replies":[{"embeddable":true,"href":"https:\/\/vkpatriarhat.org\/pg\/wp-json\/wp\/v2\/comments?post=26609"}],"version-history":[{"count":7,"href":"https:\/\/vkpatriarhat.org\/pg\/wp-json\/wp\/v2\/posts\/26609\/revisions"}],"predecessor-version":[{"id":26655,"href":"https:\/\/vkpatriarhat.org\/pg\/wp-json\/wp\/v2\/posts\/26609\/revisions\/26655"}],"wp:featuredmedia":[{"embeddable":true,"href":"https:\/\/vkpatriarhat.org\/pg\/wp-json\/wp\/v2\/media\/26610"}],"wp:attachment":[{"href":"https:\/\/vkpatriarhat.org\/pg\/wp-json\/wp\/v2\/media?parent=26609"}],"wp:term":[{"taxonomy":"category","embeddable":true,"href":"https:\/\/vkpatriarhat.org\/pg\/wp-json\/wp\/v2\/categories?post=26609"},{"taxonomy":"post_tag","embeddable":true,"href":"https:\/\/vkpatriarhat.org\/pg\/wp-json\/wp\/v2\/tags?post=26609"}],"curies":[{"name":"wp","href":"https:\/\/api.w.org\/{rel}","templated":true}]}}