{"id":26577,"date":"2023-12-09T21:38:02","date_gmt":"2023-12-09T18:38:02","guid":{"rendered":"http:\/\/vkpatriarhat.org\/pg\/?p=26577"},"modified":"2023-12-23T20:51:35","modified_gmt":"2023-12-23T17:51:35","slug":"palavra-da-vida-at-1-8-10-12-2023-24-12-2023","status":"publish","type":"post","link":"https:\/\/vkpatriarhat.org\/pg\/palavra-da-vida-at-1-8-10-12-2023-24-12-2023\/","title":{"rendered":"Palavra da vida \u2013 At. 1, 8 (10\/12\/2023 \u2013 24\/12\/2023)"},"content":{"rendered":"\t\t<div data-elementor-type=\"wp-post\" data-elementor-id=\"26577\" class=\"elementor elementor-26577\" data-elementor-settings=\"[]\">\n\t\t\t\t\t\t\t<div class=\"elementor-section-wrap\">\n\t\t\t\t\t\t\t<section class=\"elementor-section elementor-top-section elementor-element elementor-element-6fb60cb elementor-section-boxed elementor-section-height-default elementor-section-height-default\" data-id=\"6fb60cb\" data-element_type=\"section\">\n\t\t\t\t\t\t<div class=\"elementor-container elementor-column-gap-default\">\n\t\t\t\t\t<div class=\"elementor-column elementor-col-100 elementor-top-column elementor-element elementor-element-7f9af0aa\" data-id=\"7f9af0aa\" data-element_type=\"column\">\n\t\t\t<div class=\"elementor-widget-wrap elementor-element-populated\">\n\t\t\t\t\t\t\t\t<div class=\"elementor-element elementor-element-17ee0f08 elementor-widget elementor-widget-text-editor\" data-id=\"17ee0f08\" data-element_type=\"widget\" data-widget_type=\"text-editor.default\">\n\t\t\t\t<div class=\"elementor-widget-container\">\n\t\t\t\t\t<div class=\"elementor-text-editor elementor-clearfix\"><h4 style=\"text-align: center;\"><span style=\"color: #000080;\"><em><strong>\u00abMas recebereis a virtude do Esp\u00edrito Santo, que h\u00e1 de vir sobre v\u00f3s;<\/strong><\/em><\/span><\/h4><h4 style=\"text-align: center;\"><span style=\"color: #000080;\"><em><strong> e ser-me-eis testemunhas, tanto em Jerusal\u00e9m como em toda a Jud\u00e9ia e Samaria,<\/strong><\/em><\/span><\/h4><h4 style=\"text-align: center;\"><span style=\"color: #000080;\"><em><strong> e at\u00e9 aos confins da terra.\u00bb<\/strong><\/em><\/span> <\/h4><\/div><\/div><\/div><\/div><\/div><\/div><\/section><\/div><\/div><br><a class=\"btn btn-theme post-btn\" href=\"https:\/\/vkpatriarhat.org\/pg\/palavra-da-vida-at-1-8-10-12-2023-24-12-2023\/\">\u0427\u0438\u0442\u0430\u0442\u0438 \u0434\u0430\u043b\u0456<\/a>","protected":false},"excerpt":{"rendered":"<p>\u00abMas recebereis a virtude do Esp\u00edrito Santo, que h\u00e1 de vir sobre v\u00f3s; e ser-me-eis testemunhas, tanto em Jerusal\u00e9m como em toda a Jud\u00e9ia e Samaria, e at\u00e9 aos confins da terra.\u00bb<\/p>\n","protected":false},"author":1,"featured_media":26578,"comment_status":"closed","ping_status":"closed","sticky":false,"template":"","format":"standard","meta":[],"categories":[269],"tags":[],"_links":{"self":[{"href":"https:\/\/vkpatriarhat.org\/pg\/wp-json\/wp\/v2\/posts\/26577"}],"collection":[{"href":"https:\/\/vkpatriarhat.org\/pg\/wp-json\/wp\/v2\/posts"}],"about":[{"href":"https:\/\/vkpatriarhat.org\/pg\/wp-json\/wp\/v2\/types\/post"}],"author":[{"embeddable":true,"href":"https:\/\/vkpatriarhat.org\/pg\/wp-json\/wp\/v2\/users\/1"}],"replies":[{"embeddable":true,"href":"https:\/\/vkpatriarhat.org\/pg\/wp-json\/wp\/v2\/comments?post=26577"}],"version-history":[{"count":8,"href":"https:\/\/vkpatriarhat.org\/pg\/wp-json\/wp\/v2\/posts\/26577\/revisions"}],"predecessor-version":[{"id":26616,"href":"https:\/\/vkpatriarhat.org\/pg\/wp-json\/wp\/v2\/posts\/26577\/revisions\/26616"}],"wp:featuredmedia":[{"embeddable":true,"href":"https:\/\/vkpatriarhat.org\/pg\/wp-json\/wp\/v2\/media\/26578"}],"wp:attachment":[{"href":"https:\/\/vkpatriarhat.org\/pg\/wp-json\/wp\/v2\/media?parent=26577"}],"wp:term":[{"taxonomy":"category","embeddable":true,"href":"https:\/\/vkpatriarhat.org\/pg\/wp-json\/wp\/v2\/categories?post=26577"},{"taxonomy":"post_tag","embeddable":true,"href":"https:\/\/vkpatriarhat.org\/pg\/wp-json\/wp\/v2\/tags?post=26577"}],"curies":[{"name":"wp","href":"https:\/\/api.w.org\/{rel}","templated":true}]}}