{"id":26506,"date":"2023-11-16T16:33:01","date_gmt":"2023-11-16T13:33:01","guid":{"rendered":"http:\/\/vkpatriarhat.org\/pg\/?p=26506"},"modified":"2023-11-16T16:55:47","modified_gmt":"2023-11-16T13:55:47","slug":"o-cardeal-besungu","status":"publish","type":"post","link":"https:\/\/vkpatriarhat.org\/pg\/o-cardeal-besungu\/","title":{"rendered":"O PCB: O Cardeal Besungu da R.D. do Congo \u00e9 um ap\u00f3stolo de Cristo ou do anticristo?"},"content":{"rendered":"\t\t<div data-elementor-type=\"wp-post\" data-elementor-id=\"26506\" class=\"elementor elementor-26506\" data-elementor-settings=\"[]\">\n\t\t\t\t\t\t\t<div class=\"elementor-section-wrap\">\n\t\t\t\t\t\t\t<section class=\"elementor-section elementor-top-section elementor-element elementor-element-5cd1e8a4 elementor-section-boxed elementor-section-height-default elementor-section-height-default\" data-id=\"5cd1e8a4\" data-element_type=\"section\">\n\t\t\t\t\t\t<div class=\"elementor-container elementor-column-gap-default\">\n\t\t\t\t\t<div class=\"elementor-column elementor-col-100 elementor-top-column elementor-element elementor-element-30eccb25\" data-id=\"30eccb25\" data-element_type=\"column\">\n\t\t\t<div class=\"elementor-widget-wrap elementor-element-populated\">\n\t\t\t\t\t\t\t\t<div class=\"elementor-element elementor-element-1a89faa4 elementor-widget elementor-widget-text-editor\" data-id=\"1a89faa4\" data-element_type=\"widget\" data-widget_type=\"text-editor.default\">\n\t\t\t\t<div class=\"elementor-widget-container\">\n\t\t\t\t\t<div class=\"elementor-text-editor elementor-clearfix\"><p style=\"text-align: justify;\">O Cardeal Ambongo Besungu, da Rep\u00fablica Democr\u00e1tica do Congo, \u00e9 membro do Conselho dos Cardeais, os colaboradores mais pr\u00f3ximos de Bergoglio na promo\u00e7\u00e3o dos planos globalistas. Isto inclui a problem\u00e1tica LGBTQ, ligada \u00e0 ideologia de g\u00eanero e \u00e0 sexualiza\u00e7\u00e3o das crian\u00e7as, bem como \u00e0 cria\u00e7\u00e3o de pseudopandemias, \u00e0 campanha a favor da vacina\u00e7\u00e3o experimental, \u00e0s chamadas mudan\u00e7as clim\u00e1ticas com o objetivo de reduzir a popula\u00e7\u00e3o, etc. Bergoglio e os seus colaboradores mais pr\u00f3ximos abusam sub-repticiamente da lideran\u00e7a da Igreja para fomentar revolu\u00e7\u00f5es coloridas em na\u00e7\u00f5es individuais. Besungu esteve envolvido desta forma no Congo-Kinshasa em 2016 com tanta veem\u00eancia que foi amea\u00e7ado de morte por causa de suas atividades traidoras. Este Cardeal Besungu tamb\u00e9m participou da confer\u00eancia de imprensa sinodal no Vaticano, em 7 de outubro de 2023.<\/p><div style=\"text-align: center;\"><p><script src=\"https:\/\/fast.wistia.com\/embed\/medias\/xadw0dyjeg.jsonp\" async><\/script><script src=\"https:\/\/fast.wistia.com\/assets\/external\/E-v1.js\" async><\/script><\/p><div class=\"wistia_responsive_padding\" style=\"padding: 56.25% 0 0 0; position: relative;\"><div class=\"wistia_responsive_wrapper\" style=\"height: 100%; left: 0; position: absolute; top: 0; width: 100%;\"><div class=\"wistia_embed wistia_async_xadw0dyjeg seo=true videoFoam=true\" style=\"height: 100%; position: relative; width: 100%;\"><div class=\"wistia_swatch\" style=\"height: 100%; left: 0; opacity: 0; overflow: hidden; position: absolute; top: 0; transition: opacity 200ms; width: 100%;\"><img style=\"filter: blur(5px); height: 100%; object-fit: contain; width: 100%;\" src=\"https:\/\/fast.wistia.com\/embed\/medias\/xadw0dyjeg\/swatch\" alt=\"\" aria-hidden=\"true\" \/><\/div><\/div><\/div><\/div><\/div><p style=\"text-align: center;\"><em><strong><span style=\"color: #290101;\">Este v\u00eddeo tamb\u00e9m pode ser visto aqui:<\/span> <span style=\"color: #800000;\"><a href=\"https:\/\/maria-aidera.wistia.com\/medias\/xadw0dyjeg\">https:\/\/maria-aidera.wistia.com\/medias\/xadw0dyjeg<\/a>\u00a0\u00a0<\/span><\/strong><\/em><br \/><span style=\"color: #800000;\"><em><strong><a href=\"https:\/\/ugetube.com\/watch\/FYIZORcCLSnLC8s\">https:\/\/ugetube.com\/watch\/FYIZORcCLSnLC8s<\/a>\u00a0 \u00a0<\/strong><\/em><\/span><br \/><span style=\"color: #800000;\"><em><strong><a href=\"https:\/\/rumble.com\/v3w3687-o-cardeal-besungu.html\">https:\/\/rumble.com\/v3w3687-o-cardeal-besungu.html<\/a>\u00a0 \u00a0<\/strong><\/em><\/span><br \/><span style=\"color: #800000;\"><em><strong><a href=\"https:\/\/youtu.be\/eCb3l-h4jEY\">https:\/\/youtu.be\/eCb3l-h4jEY<\/a>\u00a0 \u00a0 <\/strong><\/em><\/span><span style=\"color: #800000;\"><em><strong><a href=\"https:\/\/cos.tv\/videos\/play\/48653733798384640\">https:\/\/cos.tv\/videos\/play\/48653733798384640<\/a>\u00a0\u00a0<\/strong><\/em><\/span><br \/><span style=\"color: #800000;\"><em><strong><a href=\"https:\/\/www.bitchute.com\/video\/Qhw5ZYFCr5MU\/\">https:\/\/www.bitchute.com\/video\/Qhw5ZYFCr5MU\/<\/a>\u00a0 \u00a0<\/strong><\/em><\/span><\/p><p><\/p><\/div><\/div><\/div><\/div><\/div><\/div><\/section><\/div><\/div><br><a class=\"btn btn-theme post-btn\" href=\"https:\/\/vkpatriarhat.org\/pg\/o-cardeal-besungu\/\">\u0427\u0438\u0442\u0430\u0442\u0438 \u0434\u0430\u043b\u0456<\/a>","protected":false},"excerpt":{"rendered":"<p>O Cardeal Ambongo Besungu, da Rep\u00fablica Democr\u00e1tica do Congo, \u00e9 membro do Conselho dos Cardeais, os colaboradores mais pr\u00f3ximos de Bergoglio na promo\u00e7\u00e3o dos planos globalistas. Isto inclui a problem\u00e1tica LGBTQ, ligada \u00e0 ideologia de g\u00eanero e \u00e0 sexualiza\u00e7\u00e3o das crian\u00e7as, bem como \u00e0 cria\u00e7\u00e3o de pseudopandemias, \u00e0 campanha a favor da vacina\u00e7\u00e3o experimental, \u00e0s [&hellip;]<\/p>\n","protected":false},"author":1,"featured_media":26508,"comment_status":"closed","ping_status":"closed","sticky":false,"template":"","format":"standard","meta":[],"categories":[71,85],"tags":[],"_links":{"self":[{"href":"https:\/\/vkpatriarhat.org\/pg\/wp-json\/wp\/v2\/posts\/26506"}],"collection":[{"href":"https:\/\/vkpatriarhat.org\/pg\/wp-json\/wp\/v2\/posts"}],"about":[{"href":"https:\/\/vkpatriarhat.org\/pg\/wp-json\/wp\/v2\/types\/post"}],"author":[{"embeddable":true,"href":"https:\/\/vkpatriarhat.org\/pg\/wp-json\/wp\/v2\/users\/1"}],"replies":[{"embeddable":true,"href":"https:\/\/vkpatriarhat.org\/pg\/wp-json\/wp\/v2\/comments?post=26506"}],"version-history":[{"count":8,"href":"https:\/\/vkpatriarhat.org\/pg\/wp-json\/wp\/v2\/posts\/26506\/revisions"}],"predecessor-version":[{"id":26517,"href":"https:\/\/vkpatriarhat.org\/pg\/wp-json\/wp\/v2\/posts\/26506\/revisions\/26517"}],"wp:featuredmedia":[{"embeddable":true,"href":"https:\/\/vkpatriarhat.org\/pg\/wp-json\/wp\/v2\/media\/26508"}],"wp:attachment":[{"href":"https:\/\/vkpatriarhat.org\/pg\/wp-json\/wp\/v2\/media?parent=26506"}],"wp:term":[{"taxonomy":"category","embeddable":true,"href":"https:\/\/vkpatriarhat.org\/pg\/wp-json\/wp\/v2\/categories?post=26506"},{"taxonomy":"post_tag","embeddable":true,"href":"https:\/\/vkpatriarhat.org\/pg\/wp-json\/wp\/v2\/tags?post=26506"}],"curies":[{"name":"wp","href":"https:\/\/api.w.org\/{rel}","templated":true}]}}