{"id":26474,"date":"2023-11-03T16:58:11","date_gmt":"2023-11-03T13:58:11","guid":{"rendered":"http:\/\/vkpatriarhat.org\/pg\/?p=26474"},"modified":"2023-11-03T17:17:30","modified_gmt":"2023-11-03T14:17:30","slug":"bergoglio-negou-o-senhor","status":"publish","type":"post","link":"https:\/\/vkpatriarhat.org\/pg\/bergoglio-negou-o-senhor\/","title":{"rendered":"Pedro negou o Senhor tr\u00eas vezes e se arrependeu. Bergoglio negou o Senhor um zilh\u00e3o de vezes e se recusa a se arrepender porque legaliza o pecado."},"content":{"rendered":"\t\t<div data-elementor-type=\"wp-post\" data-elementor-id=\"26474\" class=\"elementor elementor-26474\" data-elementor-settings=\"[]\">\n\t\t\t\t\t\t\t<div class=\"elementor-section-wrap\">\n\t\t\t\t\t\t\t<section class=\"elementor-section elementor-top-section elementor-element elementor-element-3fa4cc40 elementor-section-boxed elementor-section-height-default elementor-section-height-default\" data-id=\"3fa4cc40\" data-element_type=\"section\">\n\t\t\t\t\t\t<div class=\"elementor-container elementor-column-gap-default\">\n\t\t\t\t\t<div class=\"elementor-column elementor-col-100 elementor-top-column elementor-element elementor-element-6ae9efc0\" data-id=\"6ae9efc0\" data-element_type=\"column\">\n\t\t\t<div class=\"elementor-widget-wrap elementor-element-populated\">\n\t\t\t\t\t\t\t\t<div class=\"elementor-element elementor-element-5f4f54f3 elementor-widget elementor-widget-text-editor\" data-id=\"5f4f54f3\" data-element_type=\"widget\" data-widget_type=\"text-editor.default\">\n\t\t\t\t<div class=\"elementor-widget-container\">\n\t\t\t\t\t<div class=\"elementor-text-editor elementor-clearfix\"><p style=\"text-align: justify;\">Pode o pseudo-Papa Francisco servir ao verdadeiro Deus depois do seu ato de rendi\u00e7\u00e3o ao diabo no Canad\u00e1, sob a dire\u00e7\u00e3o de um xam\u00e3 que, entretanto, soprava um apito de osso de peru selvagem? Bergoglio colocou simbolicamente a m\u00e3o sobre o cora\u00e7\u00e3o em sinal de sua consagra\u00e7\u00e3o a Satan\u00e1s. Antes disso, o bruxo convocou publicamente os dem\u00f4nios para que estes dessem a todos os presentes acesso ao chamado c\u00edrculo sagrado dos esp\u00edritos malignos para que pudessem estar com eles. O bruxo dirigiu-se a um dos dem\u00f4nios como a <em>\u201cav\u00f3 ocidental\u201d<\/em> e pediu a esse dem\u00f4nio que abrisse a entrada \u00e0quela dire\u00e7\u00e3o, ou seja, ao Vaticano.<\/p><div style=\"text-align: center;\"><p><script src=\"https:\/\/fast.wistia.com\/embed\/medias\/5gcld7se2z.jsonp\" async><\/script><script src=\"https:\/\/fast.wistia.com\/assets\/external\/E-v1.js\" async><\/script><\/p><div class=\"wistia_responsive_padding\" style=\"padding: 56.25% 0 0 0; position: relative;\"><div class=\"wistia_responsive_wrapper\" style=\"height: 100%; left: 0; position: absolute; top: 0; width: 100%;\"><div class=\"wistia_embed wistia_async_5gcld7se2z seo=true videoFoam=true\" style=\"height: 100%; position: relative; width: 100%;\"><div class=\"wistia_swatch\" style=\"height: 100%; left: 0; opacity: 0; overflow: hidden; position: absolute; top: 0; transition: opacity 200ms; width: 100%;\"><img style=\"filter: blur(5px); height: 100%; object-fit: contain; width: 100%;\" src=\"https:\/\/fast.wistia.com\/embed\/medias\/5gcld7se2z\/swatch\" alt=\"\" aria-hidden=\"true\" \/><\/div><\/div><\/div><\/div><\/div><p style=\"text-align: center;\"><em><strong><span style=\"color: #290000;\">Este v\u00eddeo tamb\u00e9m pode ser visto aqui:<\/span> <span style=\"color: #800000;\"><a href=\"https:\/\/nouveau-bapteme.wistia.com\/medias\/5gcld7se2z\">https:\/\/nouveau-bapteme.wistia.com\/medias\/5gcld7se2z<\/a>\u00a0\u00a0<\/span><\/strong><\/em><br \/><span style=\"color: #800000;\"><em><strong><a href=\"https:\/\/rumble.com\/v3tf8md-bergoglio-negou.html\">https:\/\/rumble.com\/v3tf8md-bergoglio-negou.html<\/a>\u00a0 \u00a0<\/strong><\/em><\/span><br \/><span style=\"color: #800000;\"><em><strong><a href=\"https:\/\/cos.tv\/videos\/play\/48360376840523776\">https:\/\/cos.tv\/videos\/play\/48360376840523776<\/a>\u00a0 \u00a0<\/strong><\/em><\/span><br \/><span style=\"color: #800000;\"><em><strong><a href=\"https:\/\/ugetube.com\/watch\/bMcIfTCtv6wvivI\">https:\/\/ugetube.com\/watch\/bMcIfTCtv6wvivI<\/a>\u00a0 \u00a0<a href=\"https:\/\/youtu.be\/3_PgYKaklt8\">https:\/\/youtu.be\/3_PgYKaklt8<\/a>\u00a0\u00a0<\/strong><\/em><\/span><br \/><span style=\"color: #800000;\"><em><strong><a href=\"https:\/\/www.bitchute.com\/video\/UI4aCqSDAIEV\/\">https:\/\/www.bitchute.com\/video\/UI4aCqSDAIEV\/<\/a>\u00a0 \u00a0<\/strong><\/em><\/span><br \/><span style=\"color: #800000;\"><em><strong><a href=\"https:\/\/gloria.tv\/post\/pMxxoFdtVfdj6n84p3htkyzFE\">https:\/\/gloria.tv\/post\/pMxxoFdtVfdj6n84p3htkyzFE<\/a>\u00a0 \u00a0<\/strong><\/em><\/span><\/p><p><\/p><\/div><\/div><\/div><\/div><\/div><\/div><\/section><\/div><\/div><br><a class=\"btn btn-theme post-btn\" href=\"https:\/\/vkpatriarhat.org\/pg\/bergoglio-negou-o-senhor\/\">\u0427\u0438\u0442\u0430\u0442\u0438 \u0434\u0430\u043b\u0456<\/a>","protected":false},"excerpt":{"rendered":"<p>Pode o pseudo-Papa Francisco servir ao verdadeiro Deus depois do seu ato de rendi\u00e7\u00e3o ao diabo no Canad\u00e1, sob a dire\u00e7\u00e3o de um xam\u00e3 que, entretanto, soprava um apito de osso de peru selvagem? Bergoglio colocou simbolicamente a m\u00e3o sobre o cora\u00e7\u00e3o em sinal de sua consagra\u00e7\u00e3o a Satan\u00e1s. Antes disso, o bruxo convocou publicamente [&hellip;]<\/p>\n","protected":false},"author":1,"featured_media":26476,"comment_status":"closed","ping_status":"closed","sticky":false,"template":"","format":"standard","meta":[],"categories":[71,85],"tags":[],"_links":{"self":[{"href":"https:\/\/vkpatriarhat.org\/pg\/wp-json\/wp\/v2\/posts\/26474"}],"collection":[{"href":"https:\/\/vkpatriarhat.org\/pg\/wp-json\/wp\/v2\/posts"}],"about":[{"href":"https:\/\/vkpatriarhat.org\/pg\/wp-json\/wp\/v2\/types\/post"}],"author":[{"embeddable":true,"href":"https:\/\/vkpatriarhat.org\/pg\/wp-json\/wp\/v2\/users\/1"}],"replies":[{"embeddable":true,"href":"https:\/\/vkpatriarhat.org\/pg\/wp-json\/wp\/v2\/comments?post=26474"}],"version-history":[{"count":7,"href":"https:\/\/vkpatriarhat.org\/pg\/wp-json\/wp\/v2\/posts\/26474\/revisions"}],"predecessor-version":[{"id":26484,"href":"https:\/\/vkpatriarhat.org\/pg\/wp-json\/wp\/v2\/posts\/26474\/revisions\/26484"}],"wp:featuredmedia":[{"embeddable":true,"href":"https:\/\/vkpatriarhat.org\/pg\/wp-json\/wp\/v2\/media\/26476"}],"wp:attachment":[{"href":"https:\/\/vkpatriarhat.org\/pg\/wp-json\/wp\/v2\/media?parent=26474"}],"wp:term":[{"taxonomy":"category","embeddable":true,"href":"https:\/\/vkpatriarhat.org\/pg\/wp-json\/wp\/v2\/categories?post=26474"},{"taxonomy":"post_tag","embeddable":true,"href":"https:\/\/vkpatriarhat.org\/pg\/wp-json\/wp\/v2\/tags?post=26474"}],"curies":[{"name":"wp","href":"https:\/\/api.w.org\/{rel}","templated":true}]}}