{"id":26401,"date":"2023-10-06T11:24:01","date_gmt":"2023-10-06T08:24:01","guid":{"rendered":"http:\/\/vkpatriarhat.org\/pg\/?p=26401"},"modified":"2023-10-06T11:44:38","modified_gmt":"2023-10-06T08:44:38","slug":"verdadeiro","status":"publish","type":"post","link":"https:\/\/vkpatriarhat.org\/pg\/verdadeiro\/","title":{"rendered":"O PCB: Verdadeiro arrependimento dos bispos cat\u00f3licos"},"content":{"rendered":"\t\t<div data-elementor-type=\"wp-post\" data-elementor-id=\"26401\" class=\"elementor elementor-26401\" data-elementor-settings=\"[]\">\n\t\t\t\t\t\t\t<div class=\"elementor-section-wrap\">\n\t\t\t\t\t\t\t<section class=\"elementor-section elementor-top-section elementor-element elementor-element-3f40752d elementor-section-boxed elementor-section-height-default elementor-section-height-default\" data-id=\"3f40752d\" data-element_type=\"section\">\n\t\t\t\t\t\t<div class=\"elementor-container elementor-column-gap-default\">\n\t\t\t\t\t<div class=\"elementor-column elementor-col-100 elementor-top-column elementor-element elementor-element-28fd3cc4\" data-id=\"28fd3cc4\" data-element_type=\"column\">\n\t\t\t<div class=\"elementor-widget-wrap elementor-element-populated\">\n\t\t\t\t\t\t\t\t<div class=\"elementor-element elementor-element-658fda47 elementor-widget elementor-widget-text-editor\" data-id=\"658fda47\" data-element_type=\"widget\" data-widget_type=\"text-editor.default\">\n\t\t\t\t<div class=\"elementor-widget-container\">\n\t\t\t\t\t<div class=\"elementor-text-editor elementor-clearfix\"><p style=\"text-align: center;\"><span style=\"color: #4d0202;\"><em><strong>(O rascunho da seguinte carta pastoral foi preparado pelos bispos do PCB)<\/strong><\/em><\/span><\/p><p style=\"text-align: justify;\">Queridos padres, religiosos e fi\u00e9is:<\/p><p style=\"text-align: justify;\">N\u00f3s, os bispos cat\u00f3licos ortodoxos, somos obrigados diante de Deus e diante de voc\u00eas, povo de Deus, a nos expressarmos com clareza e veracidade sobre a situa\u00e7\u00e3o atual da Igreja. Como sucessores dos ap\u00f3stolos, somos respons\u00e1veis, juntamente com o verdadeiro papa, pela Igreja de Cristo. Infelizmente, o atual papa Francisco Bergoglio n\u00e3o adere \u00e0 verdadeira f\u00e9, mas \u00e9 um herege e, portanto, n\u00e3o \u00e9 um papa leg\u00edtimo. Sendo assim, a responsabilidade pela Igreja recai sobre o col\u00e9gio ortodoxo dos bispos. Os bispos da Alemanha e da B\u00e9lgica est\u00e3o exclu\u00eddos deste col\u00e9gio apost\u00f3lico, bem como qualquer bispo que mantenha a unidade na heresia com o ileg\u00edtimo papa Bergoglio e o seu caminho sinodal LGBTQ.<\/p><div style=\"text-align: center;\"><p><script src=\"https:\/\/fast.wistia.com\/embed\/medias\/lxx021ikt5.jsonp\" async><\/script><script src=\"https:\/\/fast.wistia.com\/assets\/external\/E-v1.js\" async><\/script><\/p><div class=\"wistia_responsive_padding\" style=\"padding: 56.25% 0 0 0; position: relative;\"><div class=\"wistia_responsive_wrapper\" style=\"height: 100%; left: 0; position: absolute; top: 0; width: 100%;\"><div class=\"wistia_embed wistia_async_lxx021ikt5 seo=true videoFoam=true\" style=\"height: 100%; position: relative; width: 100%;\"><div class=\"wistia_swatch\" style=\"height: 100%; left: 0; opacity: 0; overflow: hidden; position: absolute; top: 0; transition: opacity 200ms; width: 100%;\"><img style=\"filter: blur(5px); height: 100%; object-fit: contain; width: 100%;\" src=\"https:\/\/fast.wistia.com\/embed\/medias\/lxx021ikt5\/swatch\" alt=\"\" aria-hidden=\"true\" \/><\/div><\/div><\/div><\/div><\/div><p style=\"text-align: center;\"><em><strong><span style=\"color: #0d0000;\">Este v\u00eddeo tamb\u00e9m pode ser visto aqui:<\/span> <span style=\"color: #800000;\"><a href=\"https:\/\/pour-nous.wistia.com\/medias\/lxx021ikt5\">https:\/\/pour-nous.wistia.com\/medias\/lxx021ikt5<\/a>\u00a0 \u00a0<\/span><\/strong><\/em><br \/><span style=\"color: #800000;\"><em><strong><a href=\"https:\/\/rumble.com\/v3nbwvy-verdadeiro.html\">https:\/\/rumble.com\/v3nbwvy-verdadeiro.html<\/a>\u00a0 \u00a0<\/strong><\/em><\/span><br \/><span style=\"color: #800000;\"><em><strong><a href=\"https:\/\/ugetube.com\/watch\/MsKnukKCu6nh4ce\">https:\/\/ugetube.com\/watch\/MsKnukKCu6nh4ce<\/a>\u00a0 \u00a0<\/strong><\/em><\/span><span style=\"color: #800000;\"><em><strong><a href=\"https:\/\/youtu.be\/yioK_I7bAR0\">https:\/\/youtu.be\/yioK_I7bAR0<\/a>\u00a0 \u00a0<\/strong><\/em><\/span><br \/><span style=\"color: #800000;\"><em><strong><a href=\"https:\/\/cos.tv\/videos\/play\/47722409914568704\">https:\/\/cos.tv\/videos\/play\/47722409914568704<\/a>\u00a0 \u00a0<\/strong><\/em><\/span><br \/><span style=\"color: #800000;\"><em><strong><a href=\"https:\/\/www.bitchute.com\/video\/AhRsFVUluCip\/\">https:\/\/www.bitchute.com\/video\/AhRsFVUluCip\/<\/a>\u00a0 \u00a0<\/strong><\/em><\/span><br \/><span style=\"color: #800000;\"><em><strong><a href=\"https:\/\/gloria.tv\/post\/E2kmDCjfddn73fP3LSRH7PzaN\">https:\/\/gloria.tv\/post\/E2kmDCjfddn73fP3LSRH7PzaN<\/a>\u00a0 \u00a0<\/strong><\/em><\/span><\/p><p><\/p><\/div><\/div><\/div><\/div><\/div><\/div><\/section><\/div><\/div><br><a class=\"btn btn-theme post-btn\" href=\"https:\/\/vkpatriarhat.org\/pg\/verdadeiro\/\">\u0427\u0438\u0442\u0430\u0442\u0438 \u0434\u0430\u043b\u0456<\/a>","protected":false},"excerpt":{"rendered":"<p>(O rascunho da seguinte carta pastoral foi preparado pelos bispos do PCB) Queridos padres, religiosos e fi\u00e9is: N\u00f3s, os bispos cat\u00f3licos ortodoxos, somos obrigados diante de Deus e diante de voc\u00eas, povo de Deus, a nos expressarmos com clareza e veracidade sobre a situa\u00e7\u00e3o atual da Igreja. Como sucessores dos ap\u00f3stolos, somos respons\u00e1veis, juntamente com [&hellip;]<\/p>\n","protected":false},"author":1,"featured_media":26403,"comment_status":"closed","ping_status":"closed","sticky":false,"template":"","format":"standard","meta":[],"categories":[71,85],"tags":[],"_links":{"self":[{"href":"https:\/\/vkpatriarhat.org\/pg\/wp-json\/wp\/v2\/posts\/26401"}],"collection":[{"href":"https:\/\/vkpatriarhat.org\/pg\/wp-json\/wp\/v2\/posts"}],"about":[{"href":"https:\/\/vkpatriarhat.org\/pg\/wp-json\/wp\/v2\/types\/post"}],"author":[{"embeddable":true,"href":"https:\/\/vkpatriarhat.org\/pg\/wp-json\/wp\/v2\/users\/1"}],"replies":[{"embeddable":true,"href":"https:\/\/vkpatriarhat.org\/pg\/wp-json\/wp\/v2\/comments?post=26401"}],"version-history":[{"count":7,"href":"https:\/\/vkpatriarhat.org\/pg\/wp-json\/wp\/v2\/posts\/26401\/revisions"}],"predecessor-version":[{"id":26411,"href":"https:\/\/vkpatriarhat.org\/pg\/wp-json\/wp\/v2\/posts\/26401\/revisions\/26411"}],"wp:featuredmedia":[{"embeddable":true,"href":"https:\/\/vkpatriarhat.org\/pg\/wp-json\/wp\/v2\/media\/26403"}],"wp:attachment":[{"href":"https:\/\/vkpatriarhat.org\/pg\/wp-json\/wp\/v2\/media?parent=26401"}],"wp:term":[{"taxonomy":"category","embeddable":true,"href":"https:\/\/vkpatriarhat.org\/pg\/wp-json\/wp\/v2\/categories?post=26401"},{"taxonomy":"post_tag","embeddable":true,"href":"https:\/\/vkpatriarhat.org\/pg\/wp-json\/wp\/v2\/tags?post=26401"}],"curies":[{"name":"wp","href":"https:\/\/api.w.org\/{rel}","templated":true}]}}