{"id":26379,"date":"2023-10-18T12:03:25","date_gmt":"2023-10-18T09:03:25","guid":{"rendered":"http:\/\/vkpatriarhat.org\/pg\/?p=26379"},"modified":"2024-11-27T22:53:37","modified_gmt":"2024-11-27T19:53:37","slug":"a-queda-de-jerico","status":"publish","type":"post","link":"https:\/\/vkpatriarhat.org\/pg\/a-queda-de-jerico\/","title":{"rendered":"O PCB: A queda de Jeric\u00f3 na \u00e9poca da culmina\u00e7\u00e3o vaticana do caminho sinodal LGBTQ"},"content":{"rendered":"\t\t<div data-elementor-type=\"wp-post\" data-elementor-id=\"26379\" class=\"elementor elementor-26379\" data-elementor-settings=\"[]\">\n\t\t\t\t\t\t\t<div class=\"elementor-section-wrap\">\n\t\t\t\t\t\t\t<section class=\"elementor-section elementor-top-section elementor-element elementor-element-52f97b69 elementor-section-boxed elementor-section-height-default elementor-section-height-default\" data-id=\"52f97b69\" data-element_type=\"section\">\n\t\t\t\t\t\t<div class=\"elementor-container elementor-column-gap-default\">\n\t\t\t\t\t<div class=\"elementor-column elementor-col-100 elementor-top-column elementor-element elementor-element-285c52a\" data-id=\"285c52a\" data-element_type=\"column\">\n\t\t\t<div class=\"elementor-widget-wrap elementor-element-populated\">\n\t\t\t\t\t\t\t\t<div class=\"elementor-element elementor-element-321806c7 elementor-widget elementor-widget-text-editor\" data-id=\"321806c7\" data-element_type=\"widget\" data-widget_type=\"text-editor.default\">\n\t\t\t\t<div class=\"elementor-widget-container\">\n\t\t\t\t\t<div class=\"elementor-text-editor elementor-clearfix\"><p style=\"text-align: justify;\">De 4 a 29 de outubro de 2023, ser\u00e1 realizada no Vaticano a assembleia geral do caminho sinodal LGBTQ. Na verdade, trata-se de um golpe na Igreja que legalizar\u00e1 a rebeli\u00e3o de Francisco Bergoglio contra Deus, raz\u00e3o pela qual ele se anatematizou a si mesmo segundo Gl 1,8-9.<\/p><div style=\"text-align: center;\"><p><object width=\"480\" height=\"360\"><param name=\"movie\" value=\"\/\/www.youtube.com\/v\/YfJkNn8Dp68?hl=uk_UA&amp;version=3&amp;rel=0\" \/><param name=\"allowFullScreen\" value=\"true\" \/><param name=\"allowscriptaccess\" value=\"always\" \/><embed src=\"\/\/www.youtube.com\/v\/YfJkNn8Dp68?hl=uk_UA&amp;version=3&amp;rel=0\" type=\"application\/x-shockwave-flash\" width=\"480\" height=\"360\" allowscriptaccess=\"always\" allowfullscreen=\"allowfullscreen\" \/><\/object><\/p><\/div><p style=\"text-align: center;\"><em><strong><span style=\"color: #080000;\">Este v\u00eddeo tamb\u00e9m pode ser visto aqui:<\/span> <\/strong><\/em><span style=\"color: #800000;\"><em><strong><a href=\"https:\/\/rumble.com\/v3lj2f4-a-queda-de-jeric.html\">https:\/\/rumble.com\/v3lj2f4-a-queda-de-jeric.html<\/a>\u00a0 \u00a0<\/strong><\/em><\/span><br \/><span style=\"color: #800000;\"><em><strong><a href=\"https:\/\/www.youtube.com\/v\/YfJkNn8Dp68\">https:\/\/www.youtube.com\/v\/YfJkNn8Dp68<\/a> <a href=\"https:\/\/cos.tv\/videos\/play\/47541028939404288\">https:\/\/cos.tv\/videos\/play\/47541028939404288<\/a>\u00a0 \u00a0<\/strong><\/em><\/span><br \/><span style=\"color: #800000;\"><em><strong><a href=\"https:\/\/www.bitchute.com\/video\/blNgLrolxpRK\/\">https:\/\/www.bitchute.com\/video\/blNgLrolxpRK\/<\/a>\u00a0 \u00a0<\/strong><\/em><\/span><br \/><span style=\"color: #800000;\"><em><strong><a href=\"https:\/\/ugetube.com\/watch\/ku6VEB1mCwP1r4z\">https:\/\/ugetube.com\/watch\/ku6VEB1mCwP1r4z<\/a>\u00a0 \u00a0<\/strong><\/em><\/span><br \/><span style=\"color: #800000;\"><em><strong><a href=\"https:\/\/gloria.tv\/post\/zefuyB9oDETx1wT4Vn9WsL2RR\">https:\/\/gloria.tv\/post\/zefuyB9oDETx1wT4Vn9WsL2RR<\/a>\u00a0 \u00a0<\/strong><\/em><\/span><\/p><p><\/p><\/div><\/div><\/div><\/div><\/div><\/div><\/section><\/div><\/div><br><a class=\"btn btn-theme post-btn\" href=\"https:\/\/vkpatriarhat.org\/pg\/a-queda-de-jerico\/\">\u0427\u0438\u0442\u0430\u0442\u0438 \u0434\u0430\u043b\u0456<\/a>","protected":false},"excerpt":{"rendered":"<p>De 4 a 29 de outubro de 2023, ser\u00e1 realizada no Vaticano a assembleia geral do caminho sinodal LGBTQ. Na verdade, trata-se de um golpe na Igreja que legalizar\u00e1 a rebeli\u00e3o de Francisco Bergoglio contra Deus, raz\u00e3o pela qual ele se anatematizou a si mesmo segundo Gl 1,8-9. Este v\u00eddeo tamb\u00e9m pode ser visto aqui: [&hellip;]<\/p>\n","protected":false},"author":1,"featured_media":26381,"comment_status":"closed","ping_status":"closed","sticky":false,"template":"","format":"standard","meta":[],"categories":[71,85],"tags":[],"_links":{"self":[{"href":"https:\/\/vkpatriarhat.org\/pg\/wp-json\/wp\/v2\/posts\/26379"}],"collection":[{"href":"https:\/\/vkpatriarhat.org\/pg\/wp-json\/wp\/v2\/posts"}],"about":[{"href":"https:\/\/vkpatriarhat.org\/pg\/wp-json\/wp\/v2\/types\/post"}],"author":[{"embeddable":true,"href":"https:\/\/vkpatriarhat.org\/pg\/wp-json\/wp\/v2\/users\/1"}],"replies":[{"embeddable":true,"href":"https:\/\/vkpatriarhat.org\/pg\/wp-json\/wp\/v2\/comments?post=26379"}],"version-history":[{"count":11,"href":"https:\/\/vkpatriarhat.org\/pg\/wp-json\/wp\/v2\/posts\/26379\/revisions"}],"predecessor-version":[{"id":27639,"href":"https:\/\/vkpatriarhat.org\/pg\/wp-json\/wp\/v2\/posts\/26379\/revisions\/27639"}],"wp:featuredmedia":[{"embeddable":true,"href":"https:\/\/vkpatriarhat.org\/pg\/wp-json\/wp\/v2\/media\/26381"}],"wp:attachment":[{"href":"https:\/\/vkpatriarhat.org\/pg\/wp-json\/wp\/v2\/media?parent=26379"}],"wp:term":[{"taxonomy":"category","embeddable":true,"href":"https:\/\/vkpatriarhat.org\/pg\/wp-json\/wp\/v2\/categories?post=26379"},{"taxonomy":"post_tag","embeddable":true,"href":"https:\/\/vkpatriarhat.org\/pg\/wp-json\/wp\/v2\/tags?post=26379"}],"curies":[{"name":"wp","href":"https:\/\/api.w.org\/{rel}","templated":true}]}}