{"id":26229,"date":"2023-08-05T14:13:17","date_gmt":"2023-08-05T11:13:17","guid":{"rendered":"http:\/\/vkpatriarhat.org\/pg\/?p=26229"},"modified":"2023-08-19T21:24:43","modified_gmt":"2023-08-19T18:24:43","slug":"palavra-da-vida-is-25-7-6-8-2023-20-8-2023","status":"publish","type":"post","link":"https:\/\/vkpatriarhat.org\/pg\/palavra-da-vida-is-25-7-6-8-2023-20-8-2023\/","title":{"rendered":"Palavra da vida \u2013 Is. 25, 7 (6\/8\/2023 \u2013 20\/8\/2023)"},"content":{"rendered":"\t\t<div data-elementor-type=\"wp-post\" data-elementor-id=\"26229\" class=\"elementor elementor-26229\" data-elementor-settings=\"[]\">\n\t\t\t\t\t\t\t<div class=\"elementor-section-wrap\">\n\t\t\t\t\t\t\t<section class=\"elementor-section elementor-top-section elementor-element elementor-element-57b80678 elementor-section-boxed elementor-section-height-default elementor-section-height-default\" data-id=\"57b80678\" data-element_type=\"section\">\n\t\t\t\t\t\t<div class=\"elementor-container elementor-column-gap-default\">\n\t\t\t\t\t<div class=\"elementor-column elementor-col-100 elementor-top-column elementor-element elementor-element-17937bcf\" data-id=\"17937bcf\" data-element_type=\"column\">\n\t\t\t<div class=\"elementor-widget-wrap elementor-element-populated\">\n\t\t\t\t\t\t\t\t<div class=\"elementor-element elementor-element-4b0bb2c4 elementor-widget elementor-widget-text-editor\" data-id=\"4b0bb2c4\" data-element_type=\"widget\" data-widget_type=\"text-editor.default\">\n\t\t\t\t<div class=\"elementor-widget-container\">\n\t\t\t\t\t<div class=\"elementor-text-editor elementor-clearfix\"><h4 style=\"text-align: center;\"><span style=\"color: #000080;\"><em><strong>\u00abE destruir\u00e1 neste monte a face da cobertura, <\/strong><\/em><\/span><\/h4><h4 style=\"text-align: center;\"><span style=\"color: #000080;\"><em><strong>com que todos os povos andam cobertos, <\/strong><\/em><\/span><\/h4><h4 style=\"text-align: center;\"><span style=\"color: #000080;\"><em><strong>e o v\u00e9u com que todas as na\u00e7\u00f6es se cobrem.\u00bb<\/strong><\/em><\/span> <\/h4><\/div><\/div><\/div><\/div><\/div><\/div><\/section><\/div><\/div><br><a class=\"btn btn-theme post-btn\" href=\"https:\/\/vkpatriarhat.org\/pg\/palavra-da-vida-is-25-7-6-8-2023-20-8-2023\/\">\u0427\u0438\u0442\u0430\u0442\u0438 \u0434\u0430\u043b\u0456<\/a>","protected":false},"excerpt":{"rendered":"<p>\u00abE destruir\u00e1 neste monte a face da cobertura, com que todos os povos andam cobertos, e o v\u00e9u com que todas as na\u00e7\u00f6es se cobrem.\u00bb<\/p>\n","protected":false},"author":1,"featured_media":26230,"comment_status":"closed","ping_status":"closed","sticky":false,"template":"","format":"standard","meta":[],"categories":[269],"tags":[],"_links":{"self":[{"href":"https:\/\/vkpatriarhat.org\/pg\/wp-json\/wp\/v2\/posts\/26229"}],"collection":[{"href":"https:\/\/vkpatriarhat.org\/pg\/wp-json\/wp\/v2\/posts"}],"about":[{"href":"https:\/\/vkpatriarhat.org\/pg\/wp-json\/wp\/v2\/types\/post"}],"author":[{"embeddable":true,"href":"https:\/\/vkpatriarhat.org\/pg\/wp-json\/wp\/v2\/users\/1"}],"replies":[{"embeddable":true,"href":"https:\/\/vkpatriarhat.org\/pg\/wp-json\/wp\/v2\/comments?post=26229"}],"version-history":[{"count":7,"href":"https:\/\/vkpatriarhat.org\/pg\/wp-json\/wp\/v2\/posts\/26229\/revisions"}],"predecessor-version":[{"id":26266,"href":"https:\/\/vkpatriarhat.org\/pg\/wp-json\/wp\/v2\/posts\/26229\/revisions\/26266"}],"wp:featuredmedia":[{"embeddable":true,"href":"https:\/\/vkpatriarhat.org\/pg\/wp-json\/wp\/v2\/media\/26230"}],"wp:attachment":[{"href":"https:\/\/vkpatriarhat.org\/pg\/wp-json\/wp\/v2\/media?parent=26229"}],"wp:term":[{"taxonomy":"category","embeddable":true,"href":"https:\/\/vkpatriarhat.org\/pg\/wp-json\/wp\/v2\/categories?post=26229"},{"taxonomy":"post_tag","embeddable":true,"href":"https:\/\/vkpatriarhat.org\/pg\/wp-json\/wp\/v2\/tags?post=26229"}],"curies":[{"name":"wp","href":"https:\/\/api.w.org\/{rel}","templated":true}]}}