{"id":26191,"date":"2023-07-22T21:05:30","date_gmt":"2023-07-22T18:05:30","guid":{"rendered":"http:\/\/vkpatriarhat.org\/pg\/?p=26191"},"modified":"2023-08-05T14:13:58","modified_gmt":"2023-08-05T11:13:58","slug":"palavra-da-vida-is-24-21-23-7-2023-6-8-2023","status":"publish","type":"post","link":"https:\/\/vkpatriarhat.org\/pg\/palavra-da-vida-is-24-21-23-7-2023-6-8-2023\/","title":{"rendered":"Palavra da vida \u2013 Is. 24, 21 (23\/7\/2023 \u2013 6\/8\/2023)"},"content":{"rendered":"\t\t<div data-elementor-type=\"wp-post\" data-elementor-id=\"26191\" class=\"elementor elementor-26191\" data-elementor-settings=\"[]\">\n\t\t\t\t\t\t\t<div class=\"elementor-section-wrap\">\n\t\t\t\t\t\t\t<section class=\"elementor-section elementor-top-section elementor-element elementor-element-6aa15998 elementor-section-boxed elementor-section-height-default elementor-section-height-default\" data-id=\"6aa15998\" data-element_type=\"section\">\n\t\t\t\t\t\t<div class=\"elementor-container elementor-column-gap-default\">\n\t\t\t\t\t<div class=\"elementor-column elementor-col-100 elementor-top-column elementor-element elementor-element-73bd14a7\" data-id=\"73bd14a7\" data-element_type=\"column\">\n\t\t\t<div class=\"elementor-widget-wrap elementor-element-populated\">\n\t\t\t\t\t\t\t\t<div class=\"elementor-element elementor-element-61d721ea elementor-widget elementor-widget-text-editor\" data-id=\"61d721ea\" data-element_type=\"widget\" data-widget_type=\"text-editor.default\">\n\t\t\t\t<div class=\"elementor-widget-container\">\n\t\t\t\t\t<div class=\"elementor-text-editor elementor-clearfix\"><h4 style=\"text-align: center;\"><span style=\"color: #000080;\"><em><strong>\u00abE ser\u00e1 que naquele dia o Senhor<\/strong><\/em><\/span><\/h4><h4 style=\"text-align: center;\"><span style=\"color: #000080;\"><em><strong>castigar\u00e1 os ex\u00e9rcitos do alto nas alturas, <\/strong><\/em><\/span><\/h4><h4 style=\"text-align: center;\"><span style=\"color: #000080;\"><em><strong>e os reis da terra sobre a terra.\u00bb<\/strong><\/em><\/span> <\/h4><\/div><\/div><\/div><\/div><\/div><\/div><\/section><\/div><\/div><br><a class=\"btn btn-theme post-btn\" href=\"https:\/\/vkpatriarhat.org\/pg\/palavra-da-vida-is-24-21-23-7-2023-6-8-2023\/\">\u0427\u0438\u0442\u0430\u0442\u0438 \u0434\u0430\u043b\u0456<\/a>","protected":false},"excerpt":{"rendered":"<p>\u00abE ser\u00e1 que naquele dia o Senhor castigar\u00e1 os ex\u00e9rcitos do alto nas alturas, e os reis da terra sobre a terra.\u00bb<\/p>\n","protected":false},"author":1,"featured_media":26192,"comment_status":"closed","ping_status":"closed","sticky":false,"template":"","format":"standard","meta":[],"categories":[269],"tags":[],"_links":{"self":[{"href":"https:\/\/vkpatriarhat.org\/pg\/wp-json\/wp\/v2\/posts\/26191"}],"collection":[{"href":"https:\/\/vkpatriarhat.org\/pg\/wp-json\/wp\/v2\/posts"}],"about":[{"href":"https:\/\/vkpatriarhat.org\/pg\/wp-json\/wp\/v2\/types\/post"}],"author":[{"embeddable":true,"href":"https:\/\/vkpatriarhat.org\/pg\/wp-json\/wp\/v2\/users\/1"}],"replies":[{"embeddable":true,"href":"https:\/\/vkpatriarhat.org\/pg\/wp-json\/wp\/v2\/comments?post=26191"}],"version-history":[{"count":12,"href":"https:\/\/vkpatriarhat.org\/pg\/wp-json\/wp\/v2\/posts\/26191\/revisions"}],"predecessor-version":[{"id":26235,"href":"https:\/\/vkpatriarhat.org\/pg\/wp-json\/wp\/v2\/posts\/26191\/revisions\/26235"}],"wp:featuredmedia":[{"embeddable":true,"href":"https:\/\/vkpatriarhat.org\/pg\/wp-json\/wp\/v2\/media\/26192"}],"wp:attachment":[{"href":"https:\/\/vkpatriarhat.org\/pg\/wp-json\/wp\/v2\/media?parent=26191"}],"wp:term":[{"taxonomy":"category","embeddable":true,"href":"https:\/\/vkpatriarhat.org\/pg\/wp-json\/wp\/v2\/categories?post=26191"},{"taxonomy":"post_tag","embeddable":true,"href":"https:\/\/vkpatriarhat.org\/pg\/wp-json\/wp\/v2\/tags?post=26191"}],"curies":[{"name":"wp","href":"https:\/\/api.w.org\/{rel}","templated":true}]}}