{"id":26063,"date":"2023-06-09T16:47:21","date_gmt":"2023-06-09T13:47:21","guid":{"rendered":"http:\/\/vkpatriarhat.org\/pg\/?p=26063"},"modified":"2023-06-09T17:11:47","modified_gmt":"2023-06-09T14:11:47","slug":"levantem-se","status":"publish","type":"post","link":"https:\/\/vkpatriarhat.org\/pg\/levantem-se\/","title":{"rendered":"O PCB: Bispos da \u00c1frica e da Am\u00e9rica, abram os olhos e levantem-se!"},"content":{"rendered":"\t\t<div data-elementor-type=\"wp-post\" data-elementor-id=\"26063\" class=\"elementor elementor-26063\" data-elementor-settings=\"[]\">\n\t\t\t\t\t\t\t<div class=\"elementor-section-wrap\">\n\t\t\t\t\t\t\t<section class=\"elementor-section elementor-top-section elementor-element elementor-element-191da2d6 elementor-section-boxed elementor-section-height-default elementor-section-height-default\" data-id=\"191da2d6\" data-element_type=\"section\">\n\t\t\t\t\t\t<div class=\"elementor-container elementor-column-gap-default\">\n\t\t\t\t\t<div class=\"elementor-column elementor-col-100 elementor-top-column elementor-element elementor-element-11babfd7\" data-id=\"11babfd7\" data-element_type=\"column\">\n\t\t\t<div class=\"elementor-widget-wrap elementor-element-populated\">\n\t\t\t\t\t\t\t\t<div class=\"elementor-element elementor-element-1e122e9a elementor-widget elementor-widget-text-editor\" data-id=\"1e122e9a\" data-element_type=\"widget\" data-widget_type=\"text-editor.default\">\n\t\t\t\t<div class=\"elementor-widget-container\">\n\t\t\t\t\t<div class=\"elementor-text-editor elementor-clearfix\"><p style=\"text-align: justify;\">Este ano, Pentecostes caiu no domingo, 28 de maio. Seguiu-se a oitava. A R\u00fassia e a Ucr\u00e2nia celebrar\u00e3o a Festa de Pentecostes no domingo, 4 de junho.<\/p><p style=\"text-align: justify;\">O Senhor mostrou ao profeta Ezequiel (Ez 37, 1-9) o estado do povo de Israel num vale cheio de ossos secos. Hoje esta imagem aplica-se plenamente ao Israel do Novo Testamento, ou seja, \u00e0 Igreja. O Esp\u00edrito Santo foi expulso do cora\u00e7\u00e3o da Igreja e substitu\u00eddo pelo esp\u00edrito do mundo e, atualmente, tamb\u00e9m pelo esp\u00edrito sinodal LGBTQ, isto \u00e9, o esp\u00edrito de morte, que transformou a Igreja em um cemit\u00e9rio espiritual cheio de ossos secos espalhados por toda parte. Os dogmas da Igreja foram dispersos, os mandamentos de Deus distorcidos, as leis de Deus revogadas, as fronteiras arrancadas e deslocadas. Para que tudo volte ao seu estado anterior, \u00e9 necess\u00e1ria uma luta para restaurar a verdadeira f\u00e9.<\/p><div style=\"text-align: center;\"><p><script src=\"https:\/\/fast.wistia.com\/embed\/medias\/7knvpj1roi.jsonp\" async><\/script><script src=\"https:\/\/fast.wistia.com\/assets\/external\/E-v1.js\" async><\/script><\/p><div class=\"wistia_responsive_padding\" style=\"padding: 56.25% 0 0 0; position: relative;\"><div class=\"wistia_responsive_wrapper\" style=\"height: 100%; left: 0; position: absolute; top: 0; width: 100%;\"><div class=\"wistia_embed wistia_async_7knvpj1roi videoFoam=true\" style=\"height: 100%; position: relative; width: 100%;\"><div class=\"wistia_swatch\" style=\"height: 100%; left: 0; opacity: 0; overflow: hidden; position: absolute; top: 0; transition: opacity 200ms; width: 100%;\"><img style=\"filter: blur(5px); height: 100%; object-fit: contain; width: 100%;\" src=\"https:\/\/fast.wistia.com\/embed\/medias\/7knvpj1roi\/swatch\" alt=\"\" aria-hidden=\"true\" \/><\/div><\/div><\/div><\/div><\/div><p style=\"text-align: center;\"><em><strong><span style=\"color: #080000;\">Este v\u00eddeo tamb\u00e9m pode ser visto aqui:<\/span> <span style=\"color: #800000;\"><a href=\"https:\/\/levantaos.wistia.com\/medias\/7knvpj1roi\">https:\/\/levantaos.wistia.com\/medias\/7knvpj1roi<\/a>\u00a0 \u00a0<\/span><\/strong><\/em><br \/><span style=\"color: #800000;\"><em><strong><a href=\"https:\/\/ugetube.com\/watch\/ZlGYBGnxeucnqhN\">https:\/\/ugetube.com\/watch\/ZlGYBGnxeucnqhN<\/a>\u00a0 \u00a0<\/strong><\/em><\/span><br \/><span style=\"color: #800000;\"><em><strong><a href=\"https:\/\/rumble.com\/v2t2tdi-levantem-se.html\">https:\/\/rumble.com\/v2t2tdi-levantem-se.html<\/a>\u00a0 \u00a0<\/strong><\/em><\/span><br \/><span style=\"color: #800000;\"><em><strong><a href=\"https:\/\/cos.tv\/videos\/play\/45030526411117568\">https:\/\/cos.tv\/videos\/play\/45030526411117568<\/a>\u00a0 \u00a0<\/strong><\/em><\/span><br \/><span style=\"color: #800000;\"><em><strong><a href=\"https:\/\/www.bitchute.com\/video\/x9IMZU5iwzi2\/\">https:\/\/www.bitchute.com\/video\/x9IMZU5iwzi2\/<\/a>\u00a0 \u00a0<\/strong><\/em><\/span><br \/><span style=\"color: #800000;\"><em><strong><a href=\"https:\/\/gloria.tv\/post\/jjZMN9dKBhGt4F3YqRv7YXQts\">https:\/\/gloria.tv\/post\/jjZMN9dKBhGt4F3YqRv7YXQts<\/a>\u00a0 \u00a0<\/strong><\/em><\/span><\/p><p><\/p><\/div><\/div><\/div><\/div><\/div><\/div><\/section><\/div><\/div><br><a class=\"btn btn-theme post-btn\" href=\"https:\/\/vkpatriarhat.org\/pg\/levantem-se\/\">\u0427\u0438\u0442\u0430\u0442\u0438 \u0434\u0430\u043b\u0456<\/a>","protected":false},"excerpt":{"rendered":"<p>Este ano, Pentecostes caiu no domingo, 28 de maio. Seguiu-se a oitava. A R\u00fassia e a Ucr\u00e2nia celebrar\u00e3o a Festa de Pentecostes no domingo, 4 de junho. O Senhor mostrou ao profeta Ezequiel (Ez 37, 1-9) o estado do povo de Israel num vale cheio de ossos secos. Hoje esta imagem aplica-se plenamente ao Israel [&hellip;]<\/p>\n","protected":false},"author":1,"featured_media":26064,"comment_status":"closed","ping_status":"closed","sticky":false,"template":"","format":"standard","meta":[],"categories":[85],"tags":[],"_links":{"self":[{"href":"https:\/\/vkpatriarhat.org\/pg\/wp-json\/wp\/v2\/posts\/26063"}],"collection":[{"href":"https:\/\/vkpatriarhat.org\/pg\/wp-json\/wp\/v2\/posts"}],"about":[{"href":"https:\/\/vkpatriarhat.org\/pg\/wp-json\/wp\/v2\/types\/post"}],"author":[{"embeddable":true,"href":"https:\/\/vkpatriarhat.org\/pg\/wp-json\/wp\/v2\/users\/1"}],"replies":[{"embeddable":true,"href":"https:\/\/vkpatriarhat.org\/pg\/wp-json\/wp\/v2\/comments?post=26063"}],"version-history":[{"count":8,"href":"https:\/\/vkpatriarhat.org\/pg\/wp-json\/wp\/v2\/posts\/26063\/revisions"}],"predecessor-version":[{"id":26074,"href":"https:\/\/vkpatriarhat.org\/pg\/wp-json\/wp\/v2\/posts\/26063\/revisions\/26074"}],"wp:featuredmedia":[{"embeddable":true,"href":"https:\/\/vkpatriarhat.org\/pg\/wp-json\/wp\/v2\/media\/26064"}],"wp:attachment":[{"href":"https:\/\/vkpatriarhat.org\/pg\/wp-json\/wp\/v2\/media?parent=26063"}],"wp:term":[{"taxonomy":"category","embeddable":true,"href":"https:\/\/vkpatriarhat.org\/pg\/wp-json\/wp\/v2\/categories?post=26063"},{"taxonomy":"post_tag","embeddable":true,"href":"https:\/\/vkpatriarhat.org\/pg\/wp-json\/wp\/v2\/tags?post=26063"}],"curies":[{"name":"wp","href":"https:\/\/api.w.org\/{rel}","templated":true}]}}