{"id":25585,"date":"2022-10-19T11:32:44","date_gmt":"2022-10-19T08:32:44","guid":{"rendered":"http:\/\/vkpatriarhat.org\/pg\/?p=25585"},"modified":"2022-10-19T12:38:03","modified_gmt":"2022-10-19T09:38:03","slug":"o-levantamento-nulo-e-sem","status":"publish","type":"post","link":"https:\/\/vkpatriarhat.org\/pg\/o-levantamento-nulo-e-sem\/","title":{"rendered":"O PCB: O levantamento nulo e sem efeito da excomunh\u00e3o dos ma\u00e7ons por Jo\u00e3o Paulo II e as consequ\u00eancias"},"content":{"rendered":"\t\t<div data-elementor-type=\"wp-post\" data-elementor-id=\"25585\" class=\"elementor elementor-25585\" data-elementor-settings=\"[]\">\n\t\t\t\t\t\t\t<div class=\"elementor-section-wrap\">\n\t\t\t\t\t\t\t<section class=\"elementor-section elementor-top-section elementor-element elementor-element-43aae308 elementor-section-boxed elementor-section-height-default elementor-section-height-default\" data-id=\"43aae308\" data-element_type=\"section\">\n\t\t\t\t\t\t<div class=\"elementor-container elementor-column-gap-default\">\n\t\t\t\t\t<div class=\"elementor-column elementor-col-100 elementor-top-column elementor-element elementor-element-76f6b6eb\" data-id=\"76f6b6eb\" data-element_type=\"column\">\n\t\t\t<div class=\"elementor-widget-wrap elementor-element-populated\">\n\t\t\t\t\t\t\t\t<div class=\"elementor-element elementor-element-1c9764cc elementor-widget elementor-widget-text-editor\" data-id=\"1c9764cc\" data-element_type=\"widget\" data-widget_type=\"text-editor.default\">\n\t\t\t\t<div class=\"elementor-widget-container\">\n\t\t\t\t\t<div class=\"elementor-text-editor elementor-clearfix\"><p style=\"text-align: justify;\">Em 1983, Jo\u00e3o Paulo II confirmou as mudan\u00e7as no C\u00f3digo de Direito Can\u00f4nico, recebendo assim os ma\u00e7ons na Igreja. H\u00e1 muitos deles, especialmente na It\u00e1lia. A suspens\u00e3o da excomunh\u00e3o eclesi\u00e1stica foi um crime n\u00e3o s\u00f3 contra a Igreja, mas tamb\u00e9m contra os pr\u00f3prios ma\u00e7ons. Jo\u00e3o Paulo II impediu-os assim de seguir o caminho do verdadeiro arrependimento, isto \u00e9, da salva\u00e7\u00e3o eterna. Muitos ma\u00e7ons vivem na ilus\u00e3o de que agora podem se considerar cat\u00f3licos, embora tenham vendido suas almas ao diabo na cerim\u00f4nia de inicia\u00e7\u00e3o ma\u00e7\u00f4nica. Na verdade, deveria ser-lhes negado inclusive um enterro cat\u00f3lico. Hoje em dia, os ma\u00e7ons controlam o Vaticano principalmente por meio de seu confidente, o pseudopapa Francisco Bergoglio.<\/p><div style=\"text-align: center;\"><p><script src=\"https:\/\/fast.wistia.com\/embed\/medias\/u1oqmytsum.jsonp\" async><\/script><script src=\"https:\/\/fast.wistia.com\/assets\/external\/E-v1.js\" async><\/script><\/p><div class=\"wistia_responsive_padding\" style=\"padding: 56.25% 0 0 0; position: relative;\"><div class=\"wistia_responsive_wrapper\" style=\"height: 100%; left: 0; position: absolute; top: 0; width: 100%;\"><div class=\"wistia_embed wistia_async_u1oqmytsum videoFoam=true\" style=\"height: 100%; position: relative; width: 100%;\"><div class=\"wistia_swatch\" style=\"height: 100%; left: 0; opacity: 0; overflow: hidden; position: absolute; top: 0; transition: opacity 200ms; width: 100%;\"><img style=\"filter: blur(5px); height: 100%; object-fit: contain; width: 100%;\" src=\"https:\/\/fast.wistia.com\/embed\/medias\/u1oqmytsum\/swatch\" alt=\"\" aria-hidden=\"true\" \/><\/div><\/div><\/div><\/div><\/div><p style=\"text-align: center;\"><em><strong><span style=\"color: #0d0000;\">Este v\u00eddeo tamb\u00e9m pode ser visto aqui:<\/span> <span style=\"color: #800000;\"><a href=\"https:\/\/emeritierte-bischofe.wistia.com\/medias\/u1oqmytsum\">https:\/\/emeritierte-bischofe.wistia.com\/medias\/u1oqmytsum<\/a>\u00a0\u00a0<\/span><\/strong><\/em><br \/><span style=\"color: #800000;\"><em><strong><a href=\"https:\/\/rumble.com\/v1ol2y3-excomunho.html\">https:\/\/rumble.com\/v1ol2y3-excomunho.html<\/a>\u00a0 \u00a0<\/strong><\/em><\/span><br \/><span style=\"color: #800000;\"><em><strong><a href=\"https:\/\/cos.tv\/videos\/play\/39737789135229952\">https:\/\/cos.tv\/videos\/play\/39737789135229952<\/a>\u00a0 \u00a0<\/strong><\/em><\/span><br \/><span style=\"color: #800000;\"><em><strong><a href=\"https:\/\/www.bitchute.com\/video\/y58r00zLCkbo\/\">https:\/\/www.bitchute.com\/video\/y58r00zLCkbo\/<\/a>\u00a0 \u00a0<\/strong><\/em><\/span><br \/><span style=\"color: #800000;\"><em><strong><a href=\"https:\/\/gloria.tv\/post\/GQ2pRAkXUr6T4kkToK7kemChD\">https:\/\/gloria.tv\/post\/GQ2pRAkXUr6T4kkToK7kemChD<\/a>\u00a0 \u00a0<\/strong><\/em><\/span><\/p><p style=\"text-align: center;\"><em><strong><span style=\"color: #0d0000;\">Baixar v\u00eddeo:<\/span> <span style=\"color: #800000;\"><a href=\"https:\/\/seed-eu2.gloria.tv\/1z94gyaCTBei3D8MsGrYwjE6j\/07lmmzk5ugu8n0ixx0nw37re13a7eu5hyokadtx.mp4?download=O-PCB-O-levantamento-nulo-e-sem-efeito-da-excomunhao-dos-macons-GQ2pRAkXUr6T4kkToK7kemChD.mp4\">173,7 MB, 1280\u00d7720<\/a> \/ <a href=\"https:\/\/seed-eu5.gloria.tv\/1z94gyaCTBei3D8MsGrYwjE6j\/tflbcfmb7egbftqxmq3y9kp04v1v7cn2b2wnesg.mp4?download=O-PCB-O-levantamento-nulo-e-sem-efeito-da-excomunhao-dos-macons-GQ2pRAkXUr6T4kkToK7kemChD.mp4\">52,4 MB, 768\u00d7432<\/a><\/span><\/strong><\/em><\/p><p><\/p><\/div><\/div><\/div><\/div><\/div><\/div><\/section><\/div><\/div><br><a class=\"btn btn-theme post-btn\" href=\"https:\/\/vkpatriarhat.org\/pg\/o-levantamento-nulo-e-sem\/\">\u0427\u0438\u0442\u0430\u0442\u0438 \u0434\u0430\u043b\u0456<\/a>","protected":false},"excerpt":{"rendered":"<p>Em 1983, Jo\u00e3o Paulo II confirmou as mudan\u00e7as no C\u00f3digo de Direito Can\u00f4nico, recebendo assim os ma\u00e7ons na Igreja. H\u00e1 muitos deles, especialmente na It\u00e1lia. A suspens\u00e3o da excomunh\u00e3o eclesi\u00e1stica foi um crime n\u00e3o s\u00f3 contra a Igreja, mas tamb\u00e9m contra os pr\u00f3prios ma\u00e7ons. Jo\u00e3o Paulo II impediu-os assim de seguir o caminho do verdadeiro [&hellip;]<\/p>\n","protected":false},"author":1,"featured_media":25587,"comment_status":"closed","ping_status":"closed","sticky":false,"template":"","format":"standard","meta":[],"categories":[71,85],"tags":[],"_links":{"self":[{"href":"https:\/\/vkpatriarhat.org\/pg\/wp-json\/wp\/v2\/posts\/25585"}],"collection":[{"href":"https:\/\/vkpatriarhat.org\/pg\/wp-json\/wp\/v2\/posts"}],"about":[{"href":"https:\/\/vkpatriarhat.org\/pg\/wp-json\/wp\/v2\/types\/post"}],"author":[{"embeddable":true,"href":"https:\/\/vkpatriarhat.org\/pg\/wp-json\/wp\/v2\/users\/1"}],"replies":[{"embeddable":true,"href":"https:\/\/vkpatriarhat.org\/pg\/wp-json\/wp\/v2\/comments?post=25585"}],"version-history":[{"count":10,"href":"https:\/\/vkpatriarhat.org\/pg\/wp-json\/wp\/v2\/posts\/25585\/revisions"}],"predecessor-version":[{"id":25598,"href":"https:\/\/vkpatriarhat.org\/pg\/wp-json\/wp\/v2\/posts\/25585\/revisions\/25598"}],"wp:featuredmedia":[{"embeddable":true,"href":"https:\/\/vkpatriarhat.org\/pg\/wp-json\/wp\/v2\/media\/25587"}],"wp:attachment":[{"href":"https:\/\/vkpatriarhat.org\/pg\/wp-json\/wp\/v2\/media?parent=25585"}],"wp:term":[{"taxonomy":"category","embeddable":true,"href":"https:\/\/vkpatriarhat.org\/pg\/wp-json\/wp\/v2\/categories?post=25585"},{"taxonomy":"post_tag","embeddable":true,"href":"https:\/\/vkpatriarhat.org\/pg\/wp-json\/wp\/v2\/tags?post=25585"}],"curies":[{"name":"wp","href":"https:\/\/api.w.org\/{rel}","templated":true}]}}