{"id":25538,"date":"2022-09-26T12:27:38","date_gmt":"2022-09-26T09:27:38","guid":{"rendered":"http:\/\/vkpatriarhat.org\/pg\/?p=25538"},"modified":"2022-09-26T15:58:09","modified_gmt":"2022-09-26T12:58:09","slug":"declaracao-de-35-pontos","status":"publish","type":"post","link":"https:\/\/vkpatriarhat.org\/pg\/declaracao-de-35-pontos\/","title":{"rendered":"Francisco Bergoglio e os l\u00edderes pol\u00edticos anunciaram em 15 de setembro de 2022  o programa da religi\u00e3o globalista da Nova Era em uma declara\u00e7\u00e3o de 35 pontos"},"content":{"rendered":"\t\t<div data-elementor-type=\"wp-post\" data-elementor-id=\"25538\" class=\"elementor elementor-25538\" data-elementor-settings=\"[]\">\n\t\t\t\t\t\t\t<div class=\"elementor-section-wrap\">\n\t\t\t\t\t\t\t<section class=\"elementor-section elementor-top-section elementor-element elementor-element-526571e1 elementor-section-boxed elementor-section-height-default elementor-section-height-default\" data-id=\"526571e1\" data-element_type=\"section\">\n\t\t\t\t\t\t<div class=\"elementor-container elementor-column-gap-default\">\n\t\t\t\t\t<div class=\"elementor-column elementor-col-100 elementor-top-column elementor-element elementor-element-21e8ec21\" data-id=\"21e8ec21\" data-element_type=\"column\">\n\t\t\t<div class=\"elementor-widget-wrap elementor-element-populated\">\n\t\t\t\t\t\t\t\t<div class=\"elementor-element elementor-element-7a0b179d elementor-widget elementor-widget-text-editor\" data-id=\"7a0b179d\" data-element_type=\"widget\" data-widget_type=\"text-editor.default\">\n\t\t\t\t<div class=\"elementor-widget-container\">\n\t\t\t\t\t<div class=\"elementor-text-editor elementor-clearfix\"><p style=\"text-align: justify;\">O documento final de 35 pontos do Congresso no Cazaquist\u00e3o \u00e9 uma esp\u00e9cie de Carta Magna da religi\u00e3o mundial da Nova Era. Foi proclamado por Francisco Bergoglio junto com numerosos membros da fraternidade ma\u00e7\u00f4nica mundial que participaram do Congresso.<\/p><p style=\"text-align: justify;\">Cita\u00e7\u00e3o: <em>\u201cN\u00f3s, os participantes do VII Congresso \u2013 l\u00edderes espirituais de religi\u00f5es mundiais e tradicionais, pol\u00edticos, chefes de organiza\u00e7\u00f5es internacionais \u2013 guiados pelo nosso desejo comum de um mundo pr\u00f3spero&#8230;\u201d.<\/em><\/p><div style=\"text-align: center;\"><p><script src=\"https:\/\/fast.wistia.com\/embed\/medias\/5s6m18h4fd.jsonp\" async><\/script><script src=\"https:\/\/fast.wistia.com\/assets\/external\/E-v1.js\" async><\/script><\/p><div class=\"wistia_responsive_padding\" style=\"padding: 56.25% 0 0 0; position: relative;\"><div class=\"wistia_responsive_wrapper\" style=\"height: 100%; left: 0; position: absolute; top: 0; width: 100%;\"><div class=\"wistia_embed wistia_async_5s6m18h4fd videoFoam=true\" style=\"height: 100%; position: relative; width: 100%;\"><div class=\"wistia_swatch\" style=\"height: 100%; left: 0; opacity: 0; overflow: hidden; position: absolute; top: 0; transition: opacity 200ms; width: 100%;\"><img style=\"filter: blur(5px); height: 100%; object-fit: contain; width: 100%;\" src=\"https:\/\/fast.wistia.com\/embed\/medias\/5s6m18h4fd\/swatch\" alt=\"\" aria-hidden=\"true\" \/><\/div><\/div><\/div><\/div><\/div><p style=\"text-align: center;\"><em><strong><span style=\"color: #0f0000;\">Este v\u00eddeo tamb\u00e9m pode ser visto aqui:<\/span> <span style=\"color: #800000;\"><a href=\"https:\/\/nova-era.wistia.com\/medias\/5s6m18h4fd\">https:\/\/nova-era.wistia.com\/medias\/5s6m18h4fd<\/a>\u00a0\u00a0<\/span><\/strong><\/em><br \/><span style=\"color: #800000;\"><em><strong><a href=\"https:\/\/ugetube.com\/watch\/CaVNfyxnF4B5aiB\">https:\/\/ugetube.com\/watch\/CaVNfyxnF4B5aiB<\/a>\u00a0 \u00a0<\/strong><\/em><\/span><br \/><span style=\"color: #800000;\"><em><strong><a href=\"https:\/\/cos.tv\/videos\/play\/39217916499760128\">https:\/\/cos.tv\/videos\/play\/39217916499760128<\/a>\u00a0 \u00a0<\/strong><\/em><\/span><br \/><span style=\"color: #800000;\"><em><strong><a href=\"https:\/\/rumble.com\/v1li75t-uma-declarao-de-35-pontos.html\">https:\/\/rumble.com\/v1li75t-uma-declarao-de-35-pontos.html<\/a>\u00a0 \u00a0<\/strong><\/em><\/span><br \/><span style=\"color: #800000;\"><em><strong><a href=\"https:\/\/www.bitchute.com\/video\/L2I6G2euhicF\/\">https:\/\/www.bitchute.com\/video\/L2I6G2euhicF\/<\/a>\u00a0 \u00a0<\/strong><\/em><\/span><br \/><span style=\"color: #800000;\"><em><strong><a href=\"https:\/\/gloria.tv\/post\/gBCXD24BgSuu4bnSkWLVirEz3\">https:\/\/gloria.tv\/post\/gBCXD24BgSuu4bnSkWLVirEz3<\/a>\u00a0 \u00a0<\/strong><\/em><\/span><\/p><p style=\"text-align: center;\"><em><strong>Baixar v\u00eddeo: <a href=\"https:\/\/seed-eu5.gloria.tv\/1z94gyaCTBei3D8MsGrYwjE6j\/ph52ohwgvr9ts9vdh2ftwvrxnvjkue79vh8awfp.mp4?download=Francisco-Bergoglio-e-os-lideres-politicos-anunciaram-em-15-de-setembro-de-2022-gBCXD24BgSuu4bnSkWLVirEz3.mp4\">194,4 MB, 1280\u00d7720<\/a> \/ <a href=\"https:\/\/seed-eu5.gloria.tv\/1z94gyaCTBei3D8MsGrYwjE6j\/mxnpzr02iobwc6bv4dpxiiozqfeg5uaoabumde0.mp4?download=Francisco-Bergoglio-e-os-lideres-politicos-anunciaram-em-15-de-setembro-de-2022-gBCXD24BgSuu4bnSkWLVirEz3.mp4\">58,6 MB, 768\u00d7432<\/a><\/strong><\/em><\/p><p><\/p><\/div><\/div><\/div><\/div><\/div><\/div><\/section><\/div><\/div><br><a class=\"btn btn-theme post-btn\" href=\"https:\/\/vkpatriarhat.org\/pg\/declaracao-de-35-pontos\/\">\u0427\u0438\u0442\u0430\u0442\u0438 \u0434\u0430\u043b\u0456<\/a>","protected":false},"excerpt":{"rendered":"<p>O documento final de 35 pontos do Congresso no Cazaquist\u00e3o \u00e9 uma esp\u00e9cie de Carta Magna da religi\u00e3o mundial da Nova Era. Foi proclamado por Francisco Bergoglio junto com numerosos membros da fraternidade ma\u00e7\u00f4nica mundial que participaram do Congresso. Cita\u00e7\u00e3o: \u201cN\u00f3s, os participantes do VII Congresso \u2013 l\u00edderes espirituais de religi\u00f5es mundiais e tradicionais, pol\u00edticos, [&hellip;]<\/p>\n","protected":false},"author":1,"featured_media":25540,"comment_status":"closed","ping_status":"closed","sticky":false,"template":"","format":"standard","meta":[],"categories":[71,85],"tags":[],"_links":{"self":[{"href":"https:\/\/vkpatriarhat.org\/pg\/wp-json\/wp\/v2\/posts\/25538"}],"collection":[{"href":"https:\/\/vkpatriarhat.org\/pg\/wp-json\/wp\/v2\/posts"}],"about":[{"href":"https:\/\/vkpatriarhat.org\/pg\/wp-json\/wp\/v2\/types\/post"}],"author":[{"embeddable":true,"href":"https:\/\/vkpatriarhat.org\/pg\/wp-json\/wp\/v2\/users\/1"}],"replies":[{"embeddable":true,"href":"https:\/\/vkpatriarhat.org\/pg\/wp-json\/wp\/v2\/comments?post=25538"}],"version-history":[{"count":8,"href":"https:\/\/vkpatriarhat.org\/pg\/wp-json\/wp\/v2\/posts\/25538\/revisions"}],"predecessor-version":[{"id":25549,"href":"https:\/\/vkpatriarhat.org\/pg\/wp-json\/wp\/v2\/posts\/25538\/revisions\/25549"}],"wp:featuredmedia":[{"embeddable":true,"href":"https:\/\/vkpatriarhat.org\/pg\/wp-json\/wp\/v2\/media\/25540"}],"wp:attachment":[{"href":"https:\/\/vkpatriarhat.org\/pg\/wp-json\/wp\/v2\/media?parent=25538"}],"wp:term":[{"taxonomy":"category","embeddable":true,"href":"https:\/\/vkpatriarhat.org\/pg\/wp-json\/wp\/v2\/categories?post=25538"},{"taxonomy":"post_tag","embeddable":true,"href":"https:\/\/vkpatriarhat.org\/pg\/wp-json\/wp\/v2\/tags?post=25538"}],"curies":[{"name":"wp","href":"https:\/\/api.w.org\/{rel}","templated":true}]}}