{"id":25318,"date":"2022-08-03T18:43:26","date_gmt":"2022-08-03T15:43:26","guid":{"rendered":"http:\/\/vkpatriarhat.org\/pg\/?p=25318"},"modified":"2022-09-22T20:24:24","modified_gmt":"2022-09-22T17:24:24","slug":"calvario","status":"publish","type":"post","link":"https:\/\/vkpatriarhat.org\/pg\/calvario\/","title":{"rendered":"O PCB: Liturgia e sacerd\u00f3cio: \u00e0s ra\u00edzes do sacrif\u00edcio do Calv\u00e1rio"},"content":{"rendered":"\t\t<div data-elementor-type=\"wp-post\" data-elementor-id=\"25318\" class=\"elementor elementor-25318\" data-elementor-settings=\"[]\">\n\t\t\t\t\t\t\t<div class=\"elementor-section-wrap\">\n\t\t\t\t\t\t\t<section class=\"elementor-section elementor-top-section elementor-element elementor-element-682a0acb elementor-section-boxed elementor-section-height-default elementor-section-height-default\" data-id=\"682a0acb\" data-element_type=\"section\">\n\t\t\t\t\t\t<div class=\"elementor-container elementor-column-gap-default\">\n\t\t\t\t\t<div class=\"elementor-column elementor-col-100 elementor-top-column elementor-element elementor-element-499f22fd\" data-id=\"499f22fd\" data-element_type=\"column\">\n\t\t\t<div class=\"elementor-widget-wrap elementor-element-populated\">\n\t\t\t\t\t\t\t\t<div class=\"elementor-element elementor-element-2ccad233 elementor-widget elementor-widget-text-editor\" data-id=\"2ccad233\" data-element_type=\"widget\" data-widget_type=\"text-editor.default\">\n\t\t\t\t<div class=\"elementor-widget-container\">\n\t\t\t\t\t<div class=\"elementor-text-editor elementor-clearfix\"><p style=\"text-align: justify;\">Reflitamos sobre a liturgia do ponto de vista do benef\u00edcio espiritual. A condi\u00e7\u00e3o para uma experi\u00eancia mais profunda do sacrif\u00edcio de Cristo no Calv\u00e1rio s\u00e3o dois momentos de sil\u00eancio. Um antes da consagra\u00e7\u00e3o e outro depois dela.<\/p><p style=\"text-align: justify;\">No primeiro momento de sil\u00eancio, o sacerdote percebe as ra\u00edzes espirituais do sacerd\u00f3cio neotestament\u00e1rio. Estes datam do derramamento do Esp\u00edrito Santo sobre os ap\u00f3stolos.<\/p><p style=\"text-align: justify;\">No Monte Si\u00e3o foi institu\u00eddo o sacrif\u00edcio incruento e o Esp\u00edrito Santo tamb\u00e9m foi derramado. Ainda hoje, pelo sacramento da Ordem, o Esp\u00edrito Santo torna presente o sacrif\u00edcio de Cristo na cruz!<\/p><div style=\"text-align: center;\"><p><script src=\"https:\/\/fast.wistia.com\/embed\/medias\/slaayqy8qj.jsonp\" async><\/script><script src=\"https:\/\/fast.wistia.com\/assets\/external\/E-v1.js\" async><\/script><\/p><div class=\"wistia_responsive_padding\" style=\"padding: 56.25% 0 0 0; position: relative;\"><div class=\"wistia_responsive_wrapper\" style=\"height: 100%; left: 0; position: absolute; top: 0; width: 100%;\"><div class=\"wistia_embed wistia_async_slaayqy8qj videoFoam=true\" style=\"height: 100%; position: relative; width: 100%;\"><div class=\"wistia_swatch\" style=\"height: 100%; left: 0; opacity: 0; overflow: hidden; position: absolute; top: 0; transition: opacity 200ms; width: 100%;\"><img style=\"filter: blur(5px); height: 100%; object-fit: contain; width: 100%;\" src=\"https:\/\/fast.wistia.com\/embed\/medias\/slaayqy8qj\/swatch\" alt=\"\" aria-hidden=\"true\" \/><\/div><\/div><\/div><\/div><\/div><p style=\"text-align: center;\"><em><strong><span style=\"color: #240101;\">Este v\u00eddeo tamb\u00e9m pode ser visto aqui:<\/span> <span style=\"color: #800000;\"><a href=\"https:\/\/calvario.wistia.com\/medias\/slaayqy8qj\">https:\/\/calvario.wistia.com\/medias\/slaayqy8qj<\/a>\u00a0 \u00a0<\/span><\/strong><\/em><br \/><span style=\"color: #800000;\"><em><strong><a href=\"https:\/\/rumble.com\/v1emjft-calvrio.html\">https:\/\/rumble.com\/v1emjft-calvrio.html<\/a>\u00a0 \u00a0<\/strong><\/em><\/span><span style=\"color: #800000;\"><em><strong><a href=\"https:\/\/youtu.be\/S79VBjAKHLc\">https:\/\/youtu.be\/S79VBjAKHLc<\/a>\u00a0 \u00a0<\/strong><\/em><\/span><br \/><span style=\"color: #800000;\"><em><strong><a href=\"https:\/\/cos.tv\/videos\/play\/38011681202279424\">https:\/\/cos.tv\/videos\/play\/38011681202279424<\/a>\u00a0 \u00a0<\/strong><\/em><\/span><br \/><span style=\"color: #800000;\"><em><strong><a href=\"https:\/\/www.bitchute.com\/video\/vokPyFAuAa9D\/\">https:\/\/www.bitchute.com\/video\/vokPyFAuAa9D\/<\/a>\u00a0 \u00a0<\/strong><\/em><\/span><br \/><span style=\"color: #800000;\"><em><strong><a href=\"https:\/\/gloria.tv\/post\/zL4HcEynh7gH6VNESAEUAJYVM\">https:\/\/gloria.tv\/post\/zL4HcEynh7gH6VNESAEUAJYVM<\/a>\u00a0 \u00a0<\/strong><\/em><\/span><\/p><p style=\"text-align: center;\"><em><strong><span style=\"color: #1f0101;\">Baixar v\u00eddeo:<\/span> <span style=\"color: #800000;\"><a href=\"https:\/\/seed-eu2.gloria.tv\/1z94gyaCTBei3D8MsGrYwjE6j\/alvzy47j3r08c0lu2lm14b6qraaabzqg3poppj4.mp4?download=O-PCB-Liturgia-e-sacerdocio-as-raizes-do-sacrificio-do-Calvario-zL4HcEynh7gH6VNESAEUAJYVM.mp4\">511,5 MB, 1280\u00d7720<\/a> \/ <a href=\"https:\/\/seed-eu1.gloria.tv\/1z94gyaCTBei3D8MsGrYwjE6j\/8kkujytjwc2tkykjx6gn44rsci6ptn3f0xgp603.mp4?download=O-PCB-Liturgia-e-sacerdocio-as-raizes-do-sacrificio-do-Calvario-zL4HcEynh7gH6VNESAEUAJYVM.mp4\">153,7 MB, 768\u00d7432<\/a><\/span><\/strong><\/em><\/p><p><\/p><\/div><\/div><\/div><\/div><\/div><\/div><\/section><\/div><\/div><br><a class=\"btn btn-theme post-btn\" href=\"https:\/\/vkpatriarhat.org\/pg\/calvario\/\">\u0427\u0438\u0442\u0430\u0442\u0438 \u0434\u0430\u043b\u0456<\/a>","protected":false},"excerpt":{"rendered":"<p>Reflitamos sobre a liturgia do ponto de vista do benef\u00edcio espiritual. A condi\u00e7\u00e3o para uma experi\u00eancia mais profunda do sacrif\u00edcio de Cristo no Calv\u00e1rio s\u00e3o dois momentos de sil\u00eancio. Um antes da consagra\u00e7\u00e3o e outro depois dela. No primeiro momento de sil\u00eancio, o sacerdote percebe as ra\u00edzes espirituais do sacerd\u00f3cio neotestament\u00e1rio. Estes datam do derramamento [&hellip;]<\/p>\n","protected":false},"author":1,"featured_media":25319,"comment_status":"closed","ping_status":"closed","sticky":false,"template":"","format":"standard","meta":[],"categories":[32,85],"tags":[],"_links":{"self":[{"href":"https:\/\/vkpatriarhat.org\/pg\/wp-json\/wp\/v2\/posts\/25318"}],"collection":[{"href":"https:\/\/vkpatriarhat.org\/pg\/wp-json\/wp\/v2\/posts"}],"about":[{"href":"https:\/\/vkpatriarhat.org\/pg\/wp-json\/wp\/v2\/types\/post"}],"author":[{"embeddable":true,"href":"https:\/\/vkpatriarhat.org\/pg\/wp-json\/wp\/v2\/users\/1"}],"replies":[{"embeddable":true,"href":"https:\/\/vkpatriarhat.org\/pg\/wp-json\/wp\/v2\/comments?post=25318"}],"version-history":[{"count":10,"href":"https:\/\/vkpatriarhat.org\/pg\/wp-json\/wp\/v2\/posts\/25318\/revisions"}],"predecessor-version":[{"id":25524,"href":"https:\/\/vkpatriarhat.org\/pg\/wp-json\/wp\/v2\/posts\/25318\/revisions\/25524"}],"wp:featuredmedia":[{"embeddable":true,"href":"https:\/\/vkpatriarhat.org\/pg\/wp-json\/wp\/v2\/media\/25319"}],"wp:attachment":[{"href":"https:\/\/vkpatriarhat.org\/pg\/wp-json\/wp\/v2\/media?parent=25318"}],"wp:term":[{"taxonomy":"category","embeddable":true,"href":"https:\/\/vkpatriarhat.org\/pg\/wp-json\/wp\/v2\/categories?post=25318"},{"taxonomy":"post_tag","embeddable":true,"href":"https:\/\/vkpatriarhat.org\/pg\/wp-json\/wp\/v2\/tags?post=25318"}],"curies":[{"name":"wp","href":"https:\/\/api.w.org\/{rel}","templated":true}]}}