{"id":25295,"date":"2022-07-21T11:31:29","date_gmt":"2022-07-21T08:31:29","guid":{"rendered":"http:\/\/vkpatriarhat.org\/pg\/?p=25295"},"modified":"2022-09-22T20:25:00","modified_gmt":"2022-09-22T17:25:00","slug":"da-historia-papais","status":"publish","type":"post","link":"https:\/\/vkpatriarhat.org\/pg\/da-historia-papais\/","title":{"rendered":"O PCB: Da hist\u00f3ria das elei\u00e7\u00f5es papais, heresias e cisma"},"content":{"rendered":"\t\t<div data-elementor-type=\"wp-post\" data-elementor-id=\"25295\" class=\"elementor elementor-25295\" data-elementor-settings=\"[]\">\n\t\t\t\t\t\t\t<div class=\"elementor-section-wrap\">\n\t\t\t\t\t\t\t<section class=\"elementor-section elementor-top-section elementor-element elementor-element-180d8a9f elementor-section-boxed elementor-section-height-default elementor-section-height-default\" data-id=\"180d8a9f\" data-element_type=\"section\">\n\t\t\t\t\t\t<div class=\"elementor-container elementor-column-gap-default\">\n\t\t\t\t\t<div class=\"elementor-column elementor-col-100 elementor-top-column elementor-element elementor-element-1fa1d938\" data-id=\"1fa1d938\" data-element_type=\"column\">\n\t\t\t<div class=\"elementor-widget-wrap elementor-element-populated\">\n\t\t\t\t\t\t\t\t<div class=\"elementor-element elementor-element-13ef6358 elementor-widget elementor-widget-text-editor\" data-id=\"13ef6358\" data-element_type=\"widget\" data-widget_type=\"text-editor.default\">\n\t\t\t\t<div class=\"elementor-widget-container\">\n\t\t\t\t\t<div class=\"elementor-text-editor elementor-clearfix\"><p style=\"text-align: justify;\">A forma de elei\u00e7\u00e3o do papa variou ao longo da hist\u00f3ria:<\/p><p style=\"text-align: justify;\">1) <u>O direito de nomea\u00e7\u00e3o<\/u>: O papa vivo nomeava seu sucessor. Um exemplo \u00e9 o ap\u00f3stolo Pedro, que ordenou seus sucessores Clemente, Lino e Cleto como bispos de Roma. Esta pr\u00e1tica foi retomada pelo Papa S\u00edmaco em 499. A elei\u00e7\u00e3o por nomea\u00e7\u00e3o foi realizada no caso do Papa F\u00e9lix IV (526-530), Bonif\u00e1cio II (530-532), Vigilio (537-555).<\/p><div style=\"text-align: center;\"><p><script src=\"https:\/\/fast.wistia.com\/embed\/medias\/o3tssj7cfp.jsonp\" async><\/script><script src=\"https:\/\/fast.wistia.com\/assets\/external\/E-v1.js\" async><\/script><\/p><div class=\"wistia_responsive_padding\" style=\"padding: 56.25% 0 0 0; position: relative;\"><div class=\"wistia_responsive_wrapper\" style=\"height: 100%; left: 0; position: absolute; top: 0; width: 100%;\"><div class=\"wistia_embed wistia_async_o3tssj7cfp videoFoam=true\" style=\"height: 100%; position: relative; width: 100%;\"><div class=\"wistia_swatch\" style=\"height: 100%; left: 0; opacity: 0; overflow: hidden; position: absolute; top: 0; transition: opacity 200ms; width: 100%;\"><img style=\"filter: blur(5px); height: 100%; object-fit: contain; width: 100%;\" src=\"https:\/\/fast.wistia.com\/embed\/medias\/o3tssj7cfp\/swatch\" alt=\"\" aria-hidden=\"true\" \/><\/div><\/div><\/div><\/div><\/div><p style=\"text-align: center;\"><em><strong><span style=\"color: #240101;\">Este v\u00eddeo tamb\u00e9m pode ser visto aqui:<\/span> <span style=\"color: #800000;\"><a href=\"https:\/\/walka.wistia.com\/medias\/o3tssj7cfp\">https:\/\/walka.wistia.com\/medias\/o3tssj7cfp<\/a>\u00a0 \u00a0<\/span><\/strong><\/em><br \/><span style=\"color: #800000;\"><em><strong><a href=\"https:\/\/rumble.com\/v1czzed-prt.html\">https:\/\/rumble.com\/v1czzed-prt.html<\/a>\u00a0 \u00a0<\/strong><\/em><\/span><br \/><span style=\"color: #800000;\"><em><strong><a href=\"https:\/\/cos.tv\/videos\/play\/37699121790358528\">https:\/\/cos.tv\/videos\/play\/37699121790358528<\/a>\u00a0 \u00a0<\/strong><\/em><\/span><br \/><span style=\"color: #800000;\"><em><strong><a href=\"https:\/\/www.bitchute.com\/video\/tpbVaWxIc8Au\/\">https:\/\/www.bitchute.com\/video\/tpbVaWxIc8Au\/<\/a>\u00a0 \u00a0<\/strong><\/em><\/span><br \/><span style=\"color: #800000;\"><em><strong><a href=\"https:\/\/gloria.tv\/post\/MJueUjD7yX8T2EQCTkN18MaYd\">https:\/\/gloria.tv\/post\/MJueUjD7yX8T2EQCTkN18MaYd<\/a>\u00a0 \u00a0<\/strong><\/em><\/span><\/p><p style=\"text-align: center;\"><em><strong><span style=\"color: #260202;\">Baixar v\u00eddeo:<\/span> <span style=\"color: #800000;\"><a href=\"https:\/\/seed-eu5.gloria.tv\/1z94gyaCTBei3D8MsGrYwjE6j\/l07u6uuyvfk7loamb7jwqdrjsuyz38cdybqaiko.mp4?download=pt-MJueUjD7yX8T2EQCTkN18MaYd.mp4\">317,6 MB, 1280\u00d7720<\/a> \/ <a href=\"https:\/\/seed-eu2.gloria.tv\/1z94gyaCTBei3D8MsGrYwjE6j\/r8rofjec9wzn4ui65g8g4r8y8d2ngvd7tx36cwy.mp4?download=pt-MJueUjD7yX8T2EQCTkN18MaYd.mp4\">96 MB, 768\u00d7432<\/a><\/span><\/strong><\/em><\/p><p><\/p><\/div><\/div><\/div><\/div><\/div><\/div><\/section><\/div><\/div><br><a class=\"btn btn-theme post-btn\" href=\"https:\/\/vkpatriarhat.org\/pg\/da-historia-papais\/\">\u0427\u0438\u0442\u0430\u0442\u0438 \u0434\u0430\u043b\u0456<\/a>","protected":false},"excerpt":{"rendered":"<p>A forma de elei\u00e7\u00e3o do papa variou ao longo da hist\u00f3ria: 1) O direito de nomea\u00e7\u00e3o: O papa vivo nomeava seu sucessor. Um exemplo \u00e9 o ap\u00f3stolo Pedro, que ordenou seus sucessores Clemente, Lino e Cleto como bispos de Roma. Esta pr\u00e1tica foi retomada pelo Papa S\u00edmaco em 499. A elei\u00e7\u00e3o por nomea\u00e7\u00e3o foi realizada [&hellip;]<\/p>\n","protected":false},"author":1,"featured_media":25296,"comment_status":"closed","ping_status":"closed","sticky":false,"template":"","format":"standard","meta":[],"categories":[32,85],"tags":[],"_links":{"self":[{"href":"https:\/\/vkpatriarhat.org\/pg\/wp-json\/wp\/v2\/posts\/25295"}],"collection":[{"href":"https:\/\/vkpatriarhat.org\/pg\/wp-json\/wp\/v2\/posts"}],"about":[{"href":"https:\/\/vkpatriarhat.org\/pg\/wp-json\/wp\/v2\/types\/post"}],"author":[{"embeddable":true,"href":"https:\/\/vkpatriarhat.org\/pg\/wp-json\/wp\/v2\/users\/1"}],"replies":[{"embeddable":true,"href":"https:\/\/vkpatriarhat.org\/pg\/wp-json\/wp\/v2\/comments?post=25295"}],"version-history":[{"count":9,"href":"https:\/\/vkpatriarhat.org\/pg\/wp-json\/wp\/v2\/posts\/25295\/revisions"}],"predecessor-version":[{"id":25307,"href":"https:\/\/vkpatriarhat.org\/pg\/wp-json\/wp\/v2\/posts\/25295\/revisions\/25307"}],"wp:featuredmedia":[{"embeddable":true,"href":"https:\/\/vkpatriarhat.org\/pg\/wp-json\/wp\/v2\/media\/25296"}],"wp:attachment":[{"href":"https:\/\/vkpatriarhat.org\/pg\/wp-json\/wp\/v2\/media?parent=25295"}],"wp:term":[{"taxonomy":"category","embeddable":true,"href":"https:\/\/vkpatriarhat.org\/pg\/wp-json\/wp\/v2\/categories?post=25295"},{"taxonomy":"post_tag","embeddable":true,"href":"https:\/\/vkpatriarhat.org\/pg\/wp-json\/wp\/v2\/tags?post=25295"}],"curies":[{"name":"wp","href":"https:\/\/api.w.org\/{rel}","templated":true}]}}