{"id":25245,"date":"2022-06-29T22:41:00","date_gmt":"2022-06-29T19:41:00","guid":{"rendered":"http:\/\/vkpatriarhat.org\/pg\/?p=25245"},"modified":"2022-09-22T20:26:10","modified_gmt":"2022-09-22T17:26:10","slug":"resposta-ao-cardeal","status":"publish","type":"post","link":"https:\/\/vkpatriarhat.org\/pg\/resposta-ao-cardeal\/","title":{"rendered":"O PCB: Resposta ao cardeal G. M\u00fcller: Bergoglio n\u00e3o \u00e9 um papa leg\u00edtimo"},"content":{"rendered":"\t\t<div data-elementor-type=\"wp-post\" data-elementor-id=\"25245\" class=\"elementor elementor-25245\" data-elementor-settings=\"[]\">\n\t\t\t\t\t\t\t<div class=\"elementor-section-wrap\">\n\t\t\t\t\t\t\t<section class=\"elementor-section elementor-top-section elementor-element elementor-element-6cef49ac elementor-section-boxed elementor-section-height-default elementor-section-height-default\" data-id=\"6cef49ac\" data-element_type=\"section\">\n\t\t\t\t\t\t<div class=\"elementor-container elementor-column-gap-default\">\n\t\t\t\t\t<div class=\"elementor-column elementor-col-100 elementor-top-column elementor-element elementor-element-83ea7d1\" data-id=\"83ea7d1\" data-element_type=\"column\">\n\t\t\t<div class=\"elementor-widget-wrap elementor-element-populated\">\n\t\t\t\t\t\t\t\t<div class=\"elementor-element elementor-element-4dbada03 elementor-widget elementor-widget-text-editor\" data-id=\"4dbada03\" data-element_type=\"widget\" data-widget_type=\"text-editor.default\">\n\t\t\t\t<div class=\"elementor-widget-container\">\n\t\t\t\t\t<div class=\"elementor-text-editor elementor-clearfix\"><p style=\"text-align: justify;\"><strong>Cita\u00e7<\/strong><strong>\u00e3<\/strong><strong>o do Card. M\u00fcller: <\/strong><em>\u00abContra todas as teorias inventadas&#8230; h\u00e1 uma afirma\u00e7\u00e3o inequ\u00edvoca e irrefut\u00e1vel: h\u00e1 apenas um papa leg\u00edtimo e seu nome \u00e9 Francisco. \u00bb.<\/em><\/p><p style=\"text-align: justify;\"><strong>Resposta:<\/strong> <em>Contra todas as teorias inventadas&#8230;<\/em> <em>h\u00e1 uma afirma\u00e7\u00e3o inequ\u00edvoca e irrefut\u00e1vel <\/em>da Biblia \u2014Gal 1,\u00a08-9\u2014 e da bula dogm\u00e1tica <em>Cum ex apostolatus officio<\/em>, a saber, que um hereje que nega as verdades essenciais dos ensinamentos de Cristo e prega um antievangelho \u00e9 expulso da Igreja. Portanto, n\u00e3o pode ser sua cabe\u00e7a. O herege Bergoglio, que se excluiu a si mesmo da Igreja, n\u00e3o \u00e9, de nenhuma maneira, um papa leg\u00edtimo.<\/p><div style=\"text-align: center;\"><p><script src=\"https:\/\/fast.wistia.com\/embed\/medias\/4y7nllphls.jsonp\" async><\/script><script src=\"https:\/\/fast.wistia.com\/assets\/external\/E-v1.js\" async><\/script><\/p><div class=\"wistia_responsive_padding\" style=\"padding: 56.25% 0 0 0; position: relative;\"><div class=\"wistia_responsive_wrapper\" style=\"height: 100%; left: 0; position: absolute; top: 0; width: 100%;\"><div class=\"wistia_embed wistia_async_4y7nllphls videoFoam=true\" style=\"height: 100%; position: relative; width: 100%;\"><div class=\"wistia_swatch\" style=\"height: 100%; left: 0; opacity: 0; overflow: hidden; position: absolute; top: 0; transition: opacity 200ms; width: 100%;\"><img style=\"filter: blur(5px); height: 100%; object-fit: contain; width: 100%;\" src=\"https:\/\/fast.wistia.com\/embed\/medias\/4y7nllphls\/swatch\" alt=\"\" aria-hidden=\"true\" \/><\/div><\/div><\/div><\/div><\/div><p style=\"text-align: center;\"><em><strong><span style=\"color: #2b0101;\">Este v\u00eddeo tamb\u00e9m pode ser visto aqui:<\/span> <span style=\"color: #800000;\"><a href=\"https:\/\/respuesta.wistia.com\/medias\/4y7nllphls\">https:\/\/respuesta.wistia.com\/medias\/4y7nllphls<\/a>\u00a0 \u00a0<\/span><\/strong><\/em><br \/><span style=\"color: #800000;\"><em><strong><a href=\"https:\/\/rumble.com\/v1ah266-resposta-ao-cardeal.html\">https:\/\/rumble.com\/v1ah266-resposta-ao-cardeal.html<\/a>\u00a0 \u00a0<\/strong><\/em><\/span><br \/><span style=\"color: #800000;\"><em><strong><a href=\"https:\/\/cos.tv\/videos\/play\/37224265966457856\">https:\/\/cos.tv\/videos\/play\/37224265966457856<\/a>\u00a0 \u00a0<\/strong><\/em><\/span><br \/><span style=\"color: #800000;\"><em><strong><a href=\"https:\/\/www.bitchute.com\/video\/wjtUk39gTEUH\/\">https:\/\/www.bitchute.com\/video\/wjtUk39gTEUH\/<\/a>\u00a0 \u00a0<\/strong><\/em><\/span><br \/><span style=\"color: #800000;\"><em><strong><a href=\"https:\/\/gloria.tv\/post\/3XDAzmsov3Z42WxXnowtvvjbP\">https:\/\/gloria.tv\/post\/3XDAzmsov3Z42WxXnowtvvjbP<\/a>\u00a0 \u00a0<\/strong><\/em><\/span><\/p><p style=\"text-align: center;\"><em><strong><span style=\"color: #240101;\">Baixar v\u00eddeo:<\/span> <span style=\"color: #800000;\"><a href=\"https:\/\/seed-eu2.gloria.tv\/FxK6pqhk7ZiS1AZwTDoBU6KMY\/ug08zs5eaypssoyq1696vvayneyn7yb38g8txf8.mp4?download=prt-3XDAzmsov3Z42WxXnowtvvjbP.mp4\">152,8 MB, 1280\u00d7720<\/a> \/ <a href=\"https:\/\/seed-eu5.gloria.tv\/FxK6pqhk7ZiS1AZwTDoBU6KMY\/qdi5dqlq21q49kv8yk7m7ndzzvs0ioh6z0zbdng.mp4?download=prt-3XDAzmsov3Z42WxXnowtvvjbP.mp4\">46,4 MB, 768\u00d7432<\/a><\/span><\/strong><\/em><\/p><p><\/p><\/div><\/div><\/div><\/div><\/div><\/div><\/section><\/div><\/div><br><a class=\"btn btn-theme post-btn\" href=\"https:\/\/vkpatriarhat.org\/pg\/resposta-ao-cardeal\/\">\u0427\u0438\u0442\u0430\u0442\u0438 \u0434\u0430\u043b\u0456<\/a>","protected":false},"excerpt":{"rendered":"<p>Cita\u00e7\u00e3o do Card. M\u00fcller: \u00abContra todas as teorias inventadas&#8230; h\u00e1 uma afirma\u00e7\u00e3o inequ\u00edvoca e irrefut\u00e1vel: h\u00e1 apenas um papa leg\u00edtimo e seu nome \u00e9 Francisco. \u00bb. Resposta: Contra todas as teorias inventadas&#8230; h\u00e1 uma afirma\u00e7\u00e3o inequ\u00edvoca e irrefut\u00e1vel da Biblia \u2014Gal 1,\u00a08-9\u2014 e da bula dogm\u00e1tica Cum ex apostolatus officio, a saber, que um hereje [&hellip;]<\/p>\n","protected":false},"author":1,"featured_media":25247,"comment_status":"closed","ping_status":"closed","sticky":false,"template":"","format":"standard","meta":[],"categories":[71,85],"tags":[],"_links":{"self":[{"href":"https:\/\/vkpatriarhat.org\/pg\/wp-json\/wp\/v2\/posts\/25245"}],"collection":[{"href":"https:\/\/vkpatriarhat.org\/pg\/wp-json\/wp\/v2\/posts"}],"about":[{"href":"https:\/\/vkpatriarhat.org\/pg\/wp-json\/wp\/v2\/types\/post"}],"author":[{"embeddable":true,"href":"https:\/\/vkpatriarhat.org\/pg\/wp-json\/wp\/v2\/users\/1"}],"replies":[{"embeddable":true,"href":"https:\/\/vkpatriarhat.org\/pg\/wp-json\/wp\/v2\/comments?post=25245"}],"version-history":[{"count":9,"href":"https:\/\/vkpatriarhat.org\/pg\/wp-json\/wp\/v2\/posts\/25245\/revisions"}],"predecessor-version":[{"id":25257,"href":"https:\/\/vkpatriarhat.org\/pg\/wp-json\/wp\/v2\/posts\/25245\/revisions\/25257"}],"wp:featuredmedia":[{"embeddable":true,"href":"https:\/\/vkpatriarhat.org\/pg\/wp-json\/wp\/v2\/media\/25247"}],"wp:attachment":[{"href":"https:\/\/vkpatriarhat.org\/pg\/wp-json\/wp\/v2\/media?parent=25245"}],"wp:term":[{"taxonomy":"category","embeddable":true,"href":"https:\/\/vkpatriarhat.org\/pg\/wp-json\/wp\/v2\/categories?post=25245"},{"taxonomy":"post_tag","embeddable":true,"href":"https:\/\/vkpatriarhat.org\/pg\/wp-json\/wp\/v2\/tags?post=25245"}],"curies":[{"name":"wp","href":"https:\/\/api.w.org\/{rel}","templated":true}]}}