{"id":25109,"date":"2022-06-01T23:07:20","date_gmt":"2022-06-01T20:07:20","guid":{"rendered":"http:\/\/vkpatriarhat.org\/pg\/?p=25109"},"modified":"2022-09-22T20:28:22","modified_gmt":"2022-09-22T17:28:22","slug":"porto-rico","status":"publish","type":"post","link":"https:\/\/vkpatriarhat.org\/pg\/porto-rico\/","title":{"rendered":"Cat\u00f3licos de Porto Rico, mantenham-se do lado de Cristo e de seu fiel pastor Daniel!"},"content":{"rendered":"\t\t<div data-elementor-type=\"wp-post\" data-elementor-id=\"25109\" class=\"elementor elementor-25109\" data-elementor-settings=\"[]\">\n\t\t\t\t\t\t\t<div class=\"elementor-section-wrap\">\n\t\t\t\t\t\t\t<section class=\"elementor-section elementor-top-section elementor-element elementor-element-2b96b159 elementor-section-boxed elementor-section-height-default elementor-section-height-default\" data-id=\"2b96b159\" data-element_type=\"section\">\n\t\t\t\t\t\t<div class=\"elementor-container elementor-column-gap-default\">\n\t\t\t\t\t<div class=\"elementor-column elementor-col-100 elementor-top-column elementor-element elementor-element-42c30d64\" data-id=\"42c30d64\" data-element_type=\"column\">\n\t\t\t<div class=\"elementor-widget-wrap elementor-element-populated\">\n\t\t\t\t\t\t\t\t<div class=\"elementor-element elementor-element-298ddfb9 elementor-widget elementor-widget-text-editor\" data-id=\"298ddfb9\" data-element_type=\"widget\" data-widget_type=\"text-editor.default\">\n\t\t\t\t<div class=\"elementor-widget-container\">\n\t\t\t\t\t<div class=\"elementor-text-editor elementor-clearfix\"><p style=\"text-align: justify;\">Caros fi\u00e9is de Porto Rico:<\/p><p style=\"text-align: justify;\">Voc\u00eas expressaram grande apoio ao Bispo da Diocese de Arecibo, Daniel Fern\u00e1ndez Torres. O papa inv\u00e1lido Bergoglio, que o dep\u00f4s de maneira antican\u00f4nica, incorreu em an\u00e1tema m\u00faltiplo, maldi\u00e7\u00e3o, segundo Gal 1,8-9, por seus graves crimes contra Deus e a Igreja (entronizou o dem\u00f4nio Pachamama, promove a legaliza\u00e7\u00e3o do casamento sodomita; imp\u00f5e a todos, criminalmente, a vacina\u00e7\u00e3o genocida de RNA mensageiro). O Bispo Daniel foi destitu\u00eddo do cargo depois de se recusar a assinar uma carta de seis bispos que, em falsa obedi\u00eancia a Bergoglio, exigiam a vacina\u00e7\u00e3o do clero e missa apenas para os vacinados.<\/p><div style=\"text-align: center;\"><p><script src=\"https:\/\/fast.wistia.com\/embed\/medias\/n1is5nmeem.jsonp\" async><\/script><script src=\"https:\/\/fast.wistia.com\/assets\/external\/E-v1.js\" async><\/script><\/p><div class=\"wistia_responsive_padding\" style=\"padding: 56.25% 0 0 0; position: relative;\"><div class=\"wistia_responsive_wrapper\" style=\"height: 100%; left: 0; position: absolute; top: 0; width: 100%;\"><div class=\"wistia_embed wistia_async_n1is5nmeem videoFoam=true\" style=\"height: 100%; position: relative; width: 100%;\"><div class=\"wistia_swatch\" style=\"height: 100%; left: 0; opacity: 0; overflow: hidden; position: absolute; top: 0; transition: opacity 200ms; width: 100%;\"><img style=\"filter: blur(5px); height: 100%; object-fit: contain; width: 100%;\" src=\"https:\/\/fast.wistia.com\/embed\/medias\/n1is5nmeem\/swatch\" alt=\"\" aria-hidden=\"true\" \/><\/div><\/div><\/div><\/div><\/div><p style=\"text-align: center;\"><em><strong><span style=\"color: #2b0101;\">Este v\u00eddeo tamb\u00e9m pode ser visto aqui:<\/span> <span style=\"color: #800000;\"><a href=\"https:\/\/ideology.wistia.com\/medias\/n1is5nmeem\">https:\/\/ideology.wistia.com\/medias\/n1is5nmeem<\/a>\u00a0<\/span><\/strong><\/em><br \/><span style=\"color: #800000;\"><em><strong><a href=\"https:\/\/rumble.com\/v172hal-porto-rico.html\">https:\/\/rumble.com\/v172hal-porto-rico.html<\/a>\u00a0 \u00a0<\/strong><\/em><\/span><br \/><span style=\"color: #800000;\"><em><strong><a href=\"https:\/\/cos.tv\/videos\/play\/36604355970895872\">https:\/\/cos.tv\/videos\/play\/36604355970895872<\/a>\u00a0 \u00a0<\/strong><\/em><\/span><br \/><span style=\"color: #800000;\"><em><strong><a href=\"https:\/\/www.bitchute.com\/video\/peo6BmtKolJO\/\">https:\/\/www.bitchute.com\/video\/peo6BmtKolJO\/<\/a>\u00a0 \u00a0<\/strong><\/em><\/span><br \/><span style=\"color: #800000;\"><em><strong><a href=\"https:\/\/gloria.tv\/post\/uZLCSSnAajpZ34GZjcCBJ3Qx9\">https:\/\/gloria.tv\/post\/uZLCSSnAajpZ34GZjcCBJ3Qx9<\/a>\u00a0 \u00a0<\/strong><\/em><\/span><\/p><p style=\"text-align: center;\"><em><strong><span style=\"color: #260101;\">Baixar v\u00eddeo:<\/span> <span style=\"color: #800000;\"><a href=\"https:\/\/seed-eu2.gloria.tv\/FxK6pqhk7ZiS1AZwTDoBU6KMY\/tzol2m2bu8r75nm16x0xpa2e2jxbi32uzanldud.mp4?download=Catolicos-de-Porto-Rico-mantenham-se-do-lado-de-Cristo-e-de-seu-fiel-pastor-Daniel-uZLCSSnAajpZ34GZjcCBJ3Qx9.mp4\">430 MB, 1280\u00d7720<\/a> \/ <a href=\"https:\/\/seed-eu1.gloria.tv\/FxK6pqhk7ZiS1AZwTDoBU6KMY\/kh0hexoybda1de4d29bjcr7xwrm9ns6aw535bkc.mp4?download=Catolicos-de-Porto-Rico-mantenham-se-do-lado-de-Cristo-e-de-seu-fiel-pastor-Daniel-uZLCSSnAajpZ34GZjcCBJ3Qx9.mp4\">129,8 MB, 768\u00d7432<\/a><\/span><\/strong><\/em><\/p><p><\/p><\/div><\/div><\/div><\/div><\/div><\/div><\/section><\/div><\/div><br><a class=\"btn btn-theme post-btn\" href=\"https:\/\/vkpatriarhat.org\/pg\/porto-rico\/\">\u0427\u0438\u0442\u0430\u0442\u0438 \u0434\u0430\u043b\u0456<\/a>","protected":false},"excerpt":{"rendered":"<p>Caros fi\u00e9is de Porto Rico: Voc\u00eas expressaram grande apoio ao Bispo da Diocese de Arecibo, Daniel Fern\u00e1ndez Torres. O papa inv\u00e1lido Bergoglio, que o dep\u00f4s de maneira antican\u00f4nica, incorreu em an\u00e1tema m\u00faltiplo, maldi\u00e7\u00e3o, segundo Gal 1,8-9, por seus graves crimes contra Deus e a Igreja (entronizou o dem\u00f4nio Pachamama, promove a legaliza\u00e7\u00e3o do casamento sodomita; [&hellip;]<\/p>\n","protected":false},"author":1,"featured_media":25115,"comment_status":"closed","ping_status":"closed","sticky":false,"template":"","format":"standard","meta":[],"categories":[71,85],"tags":[],"_links":{"self":[{"href":"https:\/\/vkpatriarhat.org\/pg\/wp-json\/wp\/v2\/posts\/25109"}],"collection":[{"href":"https:\/\/vkpatriarhat.org\/pg\/wp-json\/wp\/v2\/posts"}],"about":[{"href":"https:\/\/vkpatriarhat.org\/pg\/wp-json\/wp\/v2\/types\/post"}],"author":[{"embeddable":true,"href":"https:\/\/vkpatriarhat.org\/pg\/wp-json\/wp\/v2\/users\/1"}],"replies":[{"embeddable":true,"href":"https:\/\/vkpatriarhat.org\/pg\/wp-json\/wp\/v2\/comments?post=25109"}],"version-history":[{"count":13,"href":"https:\/\/vkpatriarhat.org\/pg\/wp-json\/wp\/v2\/posts\/25109\/revisions"}],"predecessor-version":[{"id":25126,"href":"https:\/\/vkpatriarhat.org\/pg\/wp-json\/wp\/v2\/posts\/25109\/revisions\/25126"}],"wp:featuredmedia":[{"embeddable":true,"href":"https:\/\/vkpatriarhat.org\/pg\/wp-json\/wp\/v2\/media\/25115"}],"wp:attachment":[{"href":"https:\/\/vkpatriarhat.org\/pg\/wp-json\/wp\/v2\/media?parent=25109"}],"wp:term":[{"taxonomy":"category","embeddable":true,"href":"https:\/\/vkpatriarhat.org\/pg\/wp-json\/wp\/v2\/categories?post=25109"},{"taxonomy":"post_tag","embeddable":true,"href":"https:\/\/vkpatriarhat.org\/pg\/wp-json\/wp\/v2\/tags?post=25109"}],"curies":[{"name":"wp","href":"https:\/\/api.w.org\/{rel}","templated":true}]}}