{"id":24832,"date":"2022-03-23T18:18:17","date_gmt":"2022-03-23T15:18:17","guid":{"rendered":"http:\/\/vkpatriarhat.org\/pg\/?p=24832"},"modified":"2022-03-25T18:22:30","modified_gmt":"2022-03-25T15:22:30","slug":"antidecalogo-de-bergoglio","status":"publish","type":"post","link":"https:\/\/vkpatriarhat.org\/pg\/antidecalogo-de-bergoglio\/","title":{"rendered":"O Antidec\u00e1logo de Bergoglio: Question\u00e1rio do S\u00ednodo sobre a sinodalidade (Parte 1)"},"content":{"rendered":"\t\t<div data-elementor-type=\"wp-post\" data-elementor-id=\"24832\" class=\"elementor elementor-24832\" data-elementor-settings=\"[]\">\n\t\t\t\t\t\t\t<div class=\"elementor-section-wrap\">\n\t\t\t\t\t\t\t<section class=\"elementor-section elementor-top-section elementor-element elementor-element-7553ac7 elementor-section-boxed elementor-section-height-default elementor-section-height-default\" data-id=\"7553ac7\" data-element_type=\"section\">\n\t\t\t\t\t\t<div class=\"elementor-container elementor-column-gap-default\">\n\t\t\t\t\t<div class=\"elementor-column elementor-col-100 elementor-top-column elementor-element elementor-element-4598c5e5\" data-id=\"4598c5e5\" data-element_type=\"column\">\n\t\t\t<div class=\"elementor-widget-wrap elementor-element-populated\">\n\t\t\t\t\t\t\t\t<div class=\"elementor-element elementor-element-5bb9f7f0 elementor-widget elementor-widget-text-editor\" data-id=\"5bb9f7f0\" data-element_type=\"widget\" data-widget_type=\"text-editor.default\">\n\t\t\t\t<div class=\"elementor-widget-container\">\n\t\t\t\t\t<div class=\"elementor-text-editor elementor-clearfix\"><p style=\"text-align: justify;\">O primeiro ponto do anti-dec\u00e1logo de Bergoglio do S\u00ednodo sobre a sinodalidade no Question\u00e1rio da diocese de Vars\u00f3via \u00e9:<\/p><p style=\"text-align: justify;\">1. <strong>Acompanhantes no caminho<\/strong><\/p><p style=\"text-align: justify;\">Segundo Bergoglio, n\u00e3o \u00e9 mais Jesus, sua M\u00e3e, os santos e os cat\u00f3licos ortodoxos que devem nos acompanhar no caminho da eternidade, mas sim as pessoas LGBTQ, hindus, budistas, adoradores do dem\u00f4nio Pachamama e os chamados refugiados.<\/p><p style=\"text-align: justify;\"><u>Pergunta do question\u00e1rio:<\/u> <em>\u00abQue grupos ou indiv\u00edduos lhe parecem que s\u00e3o deixados \u00e0 margem em nossa Igreja local?\u00bb.<\/em><\/p><\/div><\/div><\/div><\/div><\/div><\/div><\/section><\/div><\/div><br><a class=\"btn btn-theme post-btn\" href=\"https:\/\/vkpatriarhat.org\/pg\/antidecalogo-de-bergoglio\/\">\u0427\u0438\u0442\u0430\u0442\u0438 \u0434\u0430\u043b\u0456<\/a>","protected":false},"excerpt":{"rendered":"<p>O primeiro ponto do anti-dec\u00e1logo de Bergoglio do S\u00ednodo sobre a sinodalidade no Question\u00e1rio da diocese de Vars\u00f3via \u00e9: 1. Acompanhantes no caminho Segundo Bergoglio, n\u00e3o \u00e9 mais Jesus, sua M\u00e3e, os santos e os cat\u00f3licos ortodoxos que devem nos acompanhar no caminho da eternidade, mas sim as pessoas LGBTQ, hindus, budistas, adoradores do dem\u00f4nio [&hellip;]<\/p>\n","protected":false},"author":1,"featured_media":24833,"comment_status":"closed","ping_status":"closed","sticky":false,"template":"","format":"standard","meta":[],"categories":[71],"tags":[],"_links":{"self":[{"href":"https:\/\/vkpatriarhat.org\/pg\/wp-json\/wp\/v2\/posts\/24832"}],"collection":[{"href":"https:\/\/vkpatriarhat.org\/pg\/wp-json\/wp\/v2\/posts"}],"about":[{"href":"https:\/\/vkpatriarhat.org\/pg\/wp-json\/wp\/v2\/types\/post"}],"author":[{"embeddable":true,"href":"https:\/\/vkpatriarhat.org\/pg\/wp-json\/wp\/v2\/users\/1"}],"replies":[{"embeddable":true,"href":"https:\/\/vkpatriarhat.org\/pg\/wp-json\/wp\/v2\/comments?post=24832"}],"version-history":[{"count":5,"href":"https:\/\/vkpatriarhat.org\/pg\/wp-json\/wp\/v2\/posts\/24832\/revisions"}],"predecessor-version":[{"id":24839,"href":"https:\/\/vkpatriarhat.org\/pg\/wp-json\/wp\/v2\/posts\/24832\/revisions\/24839"}],"wp:featuredmedia":[{"embeddable":true,"href":"https:\/\/vkpatriarhat.org\/pg\/wp-json\/wp\/v2\/media\/24833"}],"wp:attachment":[{"href":"https:\/\/vkpatriarhat.org\/pg\/wp-json\/wp\/v2\/media?parent=24832"}],"wp:term":[{"taxonomy":"category","embeddable":true,"href":"https:\/\/vkpatriarhat.org\/pg\/wp-json\/wp\/v2\/categories?post=24832"},{"taxonomy":"post_tag","embeddable":true,"href":"https:\/\/vkpatriarhat.org\/pg\/wp-json\/wp\/v2\/tags?post=24832"}],"curies":[{"name":"wp","href":"https:\/\/api.w.org\/{rel}","templated":true}]}}