{"id":24730,"date":"2022-02-22T19:21:22","date_gmt":"2022-02-22T16:21:22","guid":{"rendered":"http:\/\/vkpatriarhat.org\/pg\/?p=24730"},"modified":"2022-02-22T22:41:44","modified_gmt":"2022-02-22T19:41:44","slug":"profissao-de-fe","status":"publish","type":"post","link":"https:\/\/vkpatriarhat.org\/pg\/profissao-de-fe\/","title":{"rendered":"O PCB: A necessidade da profiss\u00e3o de f\u00e9 por parte do papa, do bispo e do padre"},"content":{"rendered":"\t\t<div data-elementor-type=\"wp-post\" data-elementor-id=\"24730\" class=\"elementor elementor-24730\" data-elementor-settings=\"[]\">\n\t\t\t\t\t\t\t<div class=\"elementor-section-wrap\">\n\t\t\t\t\t\t\t<section class=\"elementor-section elementor-top-section elementor-element elementor-element-11357f4a elementor-section-boxed elementor-section-height-default elementor-section-height-default\" data-id=\"11357f4a\" data-element_type=\"section\">\n\t\t\t\t\t\t<div class=\"elementor-container elementor-column-gap-default\">\n\t\t\t\t\t<div class=\"elementor-column elementor-col-100 elementor-top-column elementor-element elementor-element-2c6c23b7\" data-id=\"2c6c23b7\" data-element_type=\"column\">\n\t\t\t<div class=\"elementor-widget-wrap elementor-element-populated\">\n\t\t\t\t\t\t\t\t<div class=\"elementor-element elementor-element-23f144a5 elementor-widget elementor-widget-text-editor\" data-id=\"23f144a5\" data-element_type=\"widget\" data-widget_type=\"text-editor.default\">\n\t\t\t\t<div class=\"elementor-widget-container\">\n\t\t\t\t\t<div class=\"elementor-text-editor elementor-clearfix\"><p style=\"text-align: justify;\">J\u00e1 em 2017, o cardeal Brandm\u00fcller enfatizou a necessidade de que o papa professasse publicamente a f\u00e9. Recordou que esta pr\u00e1tica existia na Igreja desde tempos imemoriais.<\/p><p style=\"text-align: justify;\"><u>\u00c9 muito atual hoje reviver essa pr\u00e1tica e estend\u00ea-la aos bispos e padres.<\/u> Os fi\u00e9is devem saber se seu padre ou bispo adere \u00e0 doutrina ortodoxa ou \u00e9 um herege que se excluiu da Igreja.<\/p><div style=\"text-align: center;\"><p><script src=\"https:\/\/fast.wistia.com\/embed\/medias\/vgylfi0whm.jsonp\" async><\/script><script src=\"https:\/\/fast.wistia.com\/assets\/external\/E-v1.js\" async><\/script><\/p><div class=\"wistia_responsive_padding\" style=\"padding: 56.25% 0 0 0; position: relative;\"><div class=\"wistia_responsive_wrapper\" style=\"height: 100%; left: 0; position: absolute; top: 0; width: 100%;\"><div class=\"wistia_embed wistia_async_vgylfi0whm videoFoam=true\" style=\"height: 100%; position: relative; width: 100%;\"><div class=\"wistia_swatch\" style=\"height: 100%; left: 0; opacity: 0; overflow: hidden; position: absolute; top: 0; transition: opacity 200ms; width: 100%;\"><img style=\"filter: blur(5px); height: 100%; object-fit: contain; width: 100%;\" src=\"https:\/\/fast.wistia.com\/embed\/medias\/vgylfi0whm\/swatch\" alt=\"\" aria-hidden=\"true\" \/><\/div><\/div><\/div><\/div><\/div><p style=\"text-align: center;\"><em><strong><span style=\"color: #210101;\">Este v\u00eddeo tamb\u00e9m pode ser visto aqui:<\/span> <span style=\"color: #800000;\"><a href=\"https:\/\/herr-erbarme-dich-unser.wistia.com\/medias\/vgylfi0whm\">https:\/\/herr-erbarme-dich-unser.wistia.com\/medias\/vgylfi0whm<\/a>\u00a0 \u00a0<\/span><\/strong><\/em><br \/><span style=\"color: #800000;\"><em><strong><a href=\"https:\/\/ugetube.com\/watch\/wS3EvPluj1gHCHv\">https:\/\/ugetube.com\/watch\/wS3EvPluj1gHCHv<\/a>\u00a0 \u00a0<\/strong><\/em><\/span><br \/><span style=\"color: #800000;\"><em><strong><a href=\"https:\/\/rumble.com\/vvkmdk-profisso-de-f.html\">https:\/\/rumble.com\/vvkmdk-profisso-de-f.html<\/a>\u00a0 \u00a0<\/strong><\/em><\/span><br \/><span style=\"color: #800000;\"><em><strong><a href=\"https:\/\/cos.tv\/videos\/play\/34344677935191040\">https:\/\/cos.tv\/videos\/play\/34344677935191040<\/a>\u00a0 \u00a0<\/strong><\/em><\/span><br \/><span style=\"color: #800000;\"><em><strong><a href=\"https:\/\/www.bitchute.com\/video\/w3UOBOeQfhGB\/\">https:\/\/www.bitchute.com\/video\/w3UOBOeQfhGB\/<\/a>\u00a0 \u00a0<\/strong><\/em><\/span><br \/><span style=\"color: #800000;\"><em><strong><a href=\"https:\/\/gloria.tv\/post\/TPvi2AYq4jC93BgwTk8X2qP8F\">https:\/\/gloria.tv\/post\/TPvi2AYq4jC93BgwTk8X2qP8F<\/a>\u00a0 \u00a0<\/strong><\/em><\/span><\/p><p style=\"text-align: center;\"><em><strong><span style=\"color: #240101;\">Baixar v\u00eddeo:<\/span> <span style=\"color: #800000;\"><a href=\"https:\/\/seed-eu2.gloria.tv\/FxK6pqhk7ZiS1AZwTDoBU6KMY\/lf810s19tw3wkku2l7xmqtp1mrujjicrob680el.mp4?download=O-PCB-A-necessidade-da-profissao-de-fe-por-parte-do-papa-do-bispo-e-do-padre-TPvi2AYq4jC93BgwTk8X2qP8F.mp4\">243,5 MB, 1280\u00d7720<\/a> \/ <a href=\"https:\/\/seed-eu2.gloria.tv\/FxK6pqhk7ZiS1AZwTDoBU6KMY\/p0qrejwtxhhhgofkblohaxaf7nwku1inu398tv8.mp4?download=O-PCB-A-necessidade-da-profissao-de-fe-por-parte-do-papa-do-bispo-e-do-padre-TPvi2AYq4jC93BgwTk8X2qP8F.mp4\">73,6 MB, 768\u00d7432<\/a><\/span><\/strong><\/em><\/p><p><\/p><\/div><\/div><\/div><\/div><\/div><\/div><\/section><\/div><\/div><br><a class=\"btn btn-theme post-btn\" href=\"https:\/\/vkpatriarhat.org\/pg\/profissao-de-fe\/\">\u0427\u0438\u0442\u0430\u0442\u0438 \u0434\u0430\u043b\u0456<\/a>","protected":false},"excerpt":{"rendered":"<p>J\u00e1 em 2017, o cardeal Brandm\u00fcller enfatizou a necessidade de que o papa professasse publicamente a f\u00e9. Recordou que esta pr\u00e1tica existia na Igreja desde tempos imemoriais. \u00c9 muito atual hoje reviver essa pr\u00e1tica e estend\u00ea-la aos bispos e padres. Os fi\u00e9is devem saber se seu padre ou bispo adere \u00e0 doutrina ortodoxa ou \u00e9 [&hellip;]<\/p>\n","protected":false},"author":1,"featured_media":24736,"comment_status":"closed","ping_status":"closed","sticky":false,"template":"","format":"standard","meta":[],"categories":[71,85],"tags":[],"_links":{"self":[{"href":"https:\/\/vkpatriarhat.org\/pg\/wp-json\/wp\/v2\/posts\/24730"}],"collection":[{"href":"https:\/\/vkpatriarhat.org\/pg\/wp-json\/wp\/v2\/posts"}],"about":[{"href":"https:\/\/vkpatriarhat.org\/pg\/wp-json\/wp\/v2\/types\/post"}],"author":[{"embeddable":true,"href":"https:\/\/vkpatriarhat.org\/pg\/wp-json\/wp\/v2\/users\/1"}],"replies":[{"embeddable":true,"href":"https:\/\/vkpatriarhat.org\/pg\/wp-json\/wp\/v2\/comments?post=24730"}],"version-history":[{"count":9,"href":"https:\/\/vkpatriarhat.org\/pg\/wp-json\/wp\/v2\/posts\/24730\/revisions"}],"predecessor-version":[{"id":24744,"href":"https:\/\/vkpatriarhat.org\/pg\/wp-json\/wp\/v2\/posts\/24730\/revisions\/24744"}],"wp:featuredmedia":[{"embeddable":true,"href":"https:\/\/vkpatriarhat.org\/pg\/wp-json\/wp\/v2\/media\/24736"}],"wp:attachment":[{"href":"https:\/\/vkpatriarhat.org\/pg\/wp-json\/wp\/v2\/media?parent=24730"}],"wp:term":[{"taxonomy":"category","embeddable":true,"href":"https:\/\/vkpatriarhat.org\/pg\/wp-json\/wp\/v2\/categories?post=24730"},{"taxonomy":"post_tag","embeddable":true,"href":"https:\/\/vkpatriarhat.org\/pg\/wp-json\/wp\/v2\/tags?post=24730"}],"curies":[{"name":"wp","href":"https:\/\/api.w.org\/{rel}","templated":true}]}}