{"id":24263,"date":"2021-10-16T14:00:55","date_gmt":"2021-10-16T11:00:55","guid":{"rendered":"http:\/\/vkpatriarhat.org\/pg\/?p=24263"},"modified":"2021-10-30T20:29:48","modified_gmt":"2021-10-30T17:29:48","slug":"palavra-da-vida-jn-15-18-19-17-10-2021-31-10-2021","status":"publish","type":"post","link":"https:\/\/vkpatriarhat.org\/pg\/palavra-da-vida-jn-15-18-19-17-10-2021-31-10-2021\/","title":{"rendered":"Palavra da vida \u2013 Jn 15,18-19  (17\/10\/2021 \u2013 31\/10\/2021)"},"content":{"rendered":"\t\t<div data-elementor-type=\"wp-post\" data-elementor-id=\"24263\" class=\"elementor elementor-24263\" data-elementor-settings=\"[]\">\n\t\t\t\t\t\t\t<div class=\"elementor-section-wrap\">\n\t\t\t\t\t\t\t<section class=\"elementor-section elementor-top-section elementor-element elementor-element-4c1bf3bb elementor-section-boxed elementor-section-height-default elementor-section-height-default\" data-id=\"4c1bf3bb\" data-element_type=\"section\">\n\t\t\t\t\t\t<div class=\"elementor-container elementor-column-gap-default\">\n\t\t\t\t\t<div class=\"elementor-column elementor-col-100 elementor-top-column elementor-element elementor-element-5f2158da\" data-id=\"5f2158da\" data-element_type=\"column\">\n\t\t\t<div class=\"elementor-widget-wrap elementor-element-populated\">\n\t\t\t\t\t\t\t\t<div class=\"elementor-element elementor-element-1174dd7c elementor-widget elementor-widget-text-editor\" data-id=\"1174dd7c\" data-element_type=\"widget\" data-widget_type=\"text-editor.default\">\n\t\t\t\t<div class=\"elementor-widget-container\">\n\t\t\t\t\t<div class=\"elementor-text-editor elementor-clearfix\"><h4 style=\"text-align: center;\"><em style=\"color: #000080;\"><strong>\u00abSe o mundo vos aborrece, sabei que, primeiro do que a v\u00f3s, me aborreceu a mim. <\/strong><\/em><\/h4><h4 style=\"text-align: center;\"><em style=\"color: #000080;\"><strong>Se v\u00f3s f\u00f4sseis do mundo, o mundo amaria o que era seu, mas, <\/strong><\/em><\/h4><h4 style=\"text-align: center;\"><em style=\"color: #000080;\"><strong>porque n\u00e3o sois do mundo, antes eu vos escolhi do mundo,<\/strong><\/em><\/h4><h4 style=\"text-align: center;\"><em style=\"color: #000080;\"><strong> por isso \u00e9 que o mundo vos aborrece.<\/strong><\/em><em style=\"color: #000080;\"><strong>\u00bb<\/strong><\/em><\/h4><p><\/p><\/div><\/div><\/div><\/div><\/div><\/div><\/section><\/div><\/div><br><a class=\"btn btn-theme post-btn\" href=\"https:\/\/vkpatriarhat.org\/pg\/palavra-da-vida-jn-15-18-19-17-10-2021-31-10-2021\/\">\u0427\u0438\u0442\u0430\u0442\u0438 \u0434\u0430\u043b\u0456<\/a>","protected":false},"excerpt":{"rendered":"<p>\u00abSe o mundo vos aborrece, sabei que, primeiro do que a v\u00f3s, me aborreceu a mim. Se v\u00f3s f\u00f4sseis do mundo, o mundo amaria o que era seu, mas, porque n\u00e3o sois do mundo, antes eu vos escolhi do mundo, por isso \u00e9 que o mundo vos aborrece.\u00bb<\/p>\n","protected":false},"author":1,"featured_media":24264,"comment_status":"closed","ping_status":"closed","sticky":false,"template":"","format":"standard","meta":[],"categories":[269],"tags":[],"_links":{"self":[{"href":"https:\/\/vkpatriarhat.org\/pg\/wp-json\/wp\/v2\/posts\/24263"}],"collection":[{"href":"https:\/\/vkpatriarhat.org\/pg\/wp-json\/wp\/v2\/posts"}],"about":[{"href":"https:\/\/vkpatriarhat.org\/pg\/wp-json\/wp\/v2\/types\/post"}],"author":[{"embeddable":true,"href":"https:\/\/vkpatriarhat.org\/pg\/wp-json\/wp\/v2\/users\/1"}],"replies":[{"embeddable":true,"href":"https:\/\/vkpatriarhat.org\/pg\/wp-json\/wp\/v2\/comments?post=24263"}],"version-history":[{"count":7,"href":"https:\/\/vkpatriarhat.org\/pg\/wp-json\/wp\/v2\/posts\/24263\/revisions"}],"predecessor-version":[{"id":24347,"href":"https:\/\/vkpatriarhat.org\/pg\/wp-json\/wp\/v2\/posts\/24263\/revisions\/24347"}],"wp:featuredmedia":[{"embeddable":true,"href":"https:\/\/vkpatriarhat.org\/pg\/wp-json\/wp\/v2\/media\/24264"}],"wp:attachment":[{"href":"https:\/\/vkpatriarhat.org\/pg\/wp-json\/wp\/v2\/media?parent=24263"}],"wp:term":[{"taxonomy":"category","embeddable":true,"href":"https:\/\/vkpatriarhat.org\/pg\/wp-json\/wp\/v2\/categories?post=24263"},{"taxonomy":"post_tag","embeddable":true,"href":"https:\/\/vkpatriarhat.org\/pg\/wp-json\/wp\/v2\/tags?post=24263"}],"curies":[{"name":"wp","href":"https:\/\/api.w.org\/{rel}","templated":true}]}}