{"id":23966,"date":"2021-08-21T12:49:47","date_gmt":"2021-08-21T09:49:47","guid":{"rendered":"http:\/\/vkpatriarhat.org\/pg\/?p=23966"},"modified":"2021-09-04T15:56:59","modified_gmt":"2021-09-04T12:56:59","slug":"palavra-da-vida-jn-15-5-22-8-2021-5-9-2021","status":"publish","type":"post","link":"https:\/\/vkpatriarhat.org\/pg\/palavra-da-vida-jn-15-5-22-8-2021-5-9-2021\/","title":{"rendered":"Palavra da vida \u2013 Jn 15,5 (22\/8\/2021 \u2013 5\/9\/2021)"},"content":{"rendered":"\t\t<div data-elementor-type=\"wp-post\" data-elementor-id=\"23966\" class=\"elementor elementor-23966\" data-elementor-settings=\"[]\">\n\t\t\t\t\t\t\t<div class=\"elementor-section-wrap\">\n\t\t\t\t\t\t\t<section class=\"elementor-section elementor-top-section elementor-element elementor-element-675ea5ce elementor-section-boxed elementor-section-height-default elementor-section-height-default\" data-id=\"675ea5ce\" data-element_type=\"section\">\n\t\t\t\t\t\t<div class=\"elementor-container elementor-column-gap-default\">\n\t\t\t\t\t<div class=\"elementor-column elementor-col-100 elementor-top-column elementor-element elementor-element-49330d6f\" data-id=\"49330d6f\" data-element_type=\"column\">\n\t\t\t<div class=\"elementor-widget-wrap elementor-element-populated\">\n\t\t\t\t\t\t\t\t<div class=\"elementor-element elementor-element-548464e2 elementor-widget elementor-widget-text-editor\" data-id=\"548464e2\" data-element_type=\"widget\" data-widget_type=\"text-editor.default\">\n\t\t\t\t<div class=\"elementor-widget-container\">\n\t\t\t\t\t<div class=\"elementor-text-editor elementor-clearfix\"><h4 style=\"text-align: center;\"><em style=\"color: #000080;\"><strong>\u00abEu sou a videira, v\u00f3s, as varas; quem est\u00e1 em mim, e eu nele, <\/strong><\/em><\/h4><h4 style=\"text-align: center;\"><em style=\"color: #000080;\"><strong>este d\u00e1 muito fruto, porque sem mim nada podereis fazer.<\/strong><\/em><em style=\"color: #000080;\"><strong>\u00bb<\/strong><\/em><\/h4><p><\/p><\/div><\/div><\/div><\/div><\/div><\/div><\/section><\/div><\/div><br><a class=\"btn btn-theme post-btn\" href=\"https:\/\/vkpatriarhat.org\/pg\/palavra-da-vida-jn-15-5-22-8-2021-5-9-2021\/\">\u0427\u0438\u0442\u0430\u0442\u0438 \u0434\u0430\u043b\u0456<\/a>","protected":false},"excerpt":{"rendered":"<p>\u00abEu sou a videira, v\u00f3s, as varas; quem est\u00e1 em mim, e eu nele, este d\u00e1 muito fruto, porque sem mim nada podereis fazer.\u00bb<\/p>\n","protected":false},"author":1,"featured_media":23967,"comment_status":"closed","ping_status":"closed","sticky":false,"template":"","format":"standard","meta":[],"categories":[269],"tags":[],"_links":{"self":[{"href":"https:\/\/vkpatriarhat.org\/pg\/wp-json\/wp\/v2\/posts\/23966"}],"collection":[{"href":"https:\/\/vkpatriarhat.org\/pg\/wp-json\/wp\/v2\/posts"}],"about":[{"href":"https:\/\/vkpatriarhat.org\/pg\/wp-json\/wp\/v2\/types\/post"}],"author":[{"embeddable":true,"href":"https:\/\/vkpatriarhat.org\/pg\/wp-json\/wp\/v2\/users\/1"}],"replies":[{"embeddable":true,"href":"https:\/\/vkpatriarhat.org\/pg\/wp-json\/wp\/v2\/comments?post=23966"}],"version-history":[{"count":9,"href":"https:\/\/vkpatriarhat.org\/pg\/wp-json\/wp\/v2\/posts\/23966\/revisions"}],"predecessor-version":[{"id":24080,"href":"https:\/\/vkpatriarhat.org\/pg\/wp-json\/wp\/v2\/posts\/23966\/revisions\/24080"}],"wp:featuredmedia":[{"embeddable":true,"href":"https:\/\/vkpatriarhat.org\/pg\/wp-json\/wp\/v2\/media\/23967"}],"wp:attachment":[{"href":"https:\/\/vkpatriarhat.org\/pg\/wp-json\/wp\/v2\/media?parent=23966"}],"wp:term":[{"taxonomy":"category","embeddable":true,"href":"https:\/\/vkpatriarhat.org\/pg\/wp-json\/wp\/v2\/categories?post=23966"},{"taxonomy":"post_tag","embeddable":true,"href":"https:\/\/vkpatriarhat.org\/pg\/wp-json\/wp\/v2\/tags?post=23966"}],"curies":[{"name":"wp","href":"https:\/\/api.w.org\/{rel}","templated":true}]}}