{"id":23632,"date":"2021-06-23T18:59:58","date_gmt":"2021-06-23T15:59:58","guid":{"rendered":"http:\/\/vkpatriarhat.org\/pg\/?p=23632"},"modified":"2021-06-24T21:42:02","modified_gmt":"2021-06-24T18:42:02","slug":"bispos-da-polonia-que-caminho-sinodal","status":"publish","type":"post","link":"https:\/\/vkpatriarhat.org\/pg\/bispos-da-polonia-que-caminho-sinodal\/","title":{"rendered":"O PCB: Bispos da Pol\u00f4nia, que caminho sinodal voc\u00eas v\u00e3o escolher? O do auto-genoc\u00eddio ou o da salva\u00e7\u00e3o?"},"content":{"rendered":"\t\t<div data-elementor-type=\"wp-post\" data-elementor-id=\"23632\" class=\"elementor elementor-23632\" data-elementor-settings=\"[]\">\n\t\t\t\t\t\t\t<div class=\"elementor-section-wrap\">\n\t\t\t\t\t\t\t<section class=\"elementor-section elementor-top-section elementor-element elementor-element-42e49111 elementor-section-boxed elementor-section-height-default elementor-section-height-default\" data-id=\"42e49111\" data-element_type=\"section\">\n\t\t\t\t\t\t<div class=\"elementor-container elementor-column-gap-default\">\n\t\t\t\t\t<div class=\"elementor-column elementor-col-100 elementor-top-column elementor-element elementor-element-55312a44\" data-id=\"55312a44\" data-element_type=\"column\">\n\t\t\t<div class=\"elementor-widget-wrap elementor-element-populated\">\n\t\t\t\t\t\t\t\t<div class=\"elementor-element elementor-element-5659f87e elementor-widget elementor-widget-text-editor\" data-id=\"5659f87e\" data-element_type=\"widget\" data-widget_type=\"text-editor.default\">\n\t\t\t\t<div class=\"elementor-widget-container\">\n\t\t\t\t\t<div class=\"elementor-text-editor elementor-clearfix\"><p style=\"text-align: justify;\">Caros bispos da Pol\u00f4nia:<\/p><p style=\"text-align: justify;\">O Pseudo-papa Bergoglio deu muitos passos atrav\u00e9s dos quais destruiu as pr\u00f3prias funda\u00e7\u00f5es da Igreja Cat\u00f3lica. Ele \u00e9 um papa inv\u00e1lido.<\/p><p style=\"text-align: justify;\">Os meios de comunica\u00e7\u00e3o anunciaram que na sexta-feira, 21 de Maio de 2021, Bergoglio apresentou oficialmente <u>um novo processo sinodal<\/u>. A sua dura\u00e7\u00e3o ser\u00e1 de dois anos e ser\u00e1 dividida em tr\u00eas fases. Bergoglio inaugurar\u00e1 a fase diocesana no Vaticano em 9 e 10 de Outubro de 2021, e a partir de 17 de Outubro ser\u00e1 levado a cabo em dioceses individuais. O processo ser\u00e1 gerido por dois <em>\u201cInstrumentum Laboris\u201d<\/em> e terminar\u00e1 em Outubro de 2023. <strong>Isto por\u00e1 fim \u00e0 exist\u00eancia da Igreja cat\u00f3lica enquanto tal, uma vez que o papado ser\u00e1 oficialmente abolido.<\/strong><\/p><\/div><\/div><\/div><\/div><\/div><\/div><\/section><\/div><\/div><br><a class=\"btn btn-theme post-btn\" href=\"https:\/\/vkpatriarhat.org\/pg\/bispos-da-polonia-que-caminho-sinodal\/\">\u0427\u0438\u0442\u0430\u0442\u0438 \u0434\u0430\u043b\u0456<\/a>","protected":false},"excerpt":{"rendered":"<p>Caros bispos da Pol\u00f4nia: O Pseudo-papa Bergoglio deu muitos passos atrav\u00e9s dos quais destruiu as pr\u00f3prias funda\u00e7\u00f5es da Igreja Cat\u00f3lica. Ele \u00e9 um papa inv\u00e1lido. Os meios de comunica\u00e7\u00e3o anunciaram que na sexta-feira, 21 de Maio de 2021, Bergoglio apresentou oficialmente um novo processo sinodal. A sua dura\u00e7\u00e3o ser\u00e1 de dois anos e ser\u00e1 dividida [&hellip;]<\/p>\n","protected":false},"author":1,"featured_media":23633,"comment_status":"closed","ping_status":"closed","sticky":false,"template":"","format":"standard","meta":[],"categories":[71],"tags":[],"_links":{"self":[{"href":"https:\/\/vkpatriarhat.org\/pg\/wp-json\/wp\/v2\/posts\/23632"}],"collection":[{"href":"https:\/\/vkpatriarhat.org\/pg\/wp-json\/wp\/v2\/posts"}],"about":[{"href":"https:\/\/vkpatriarhat.org\/pg\/wp-json\/wp\/v2\/types\/post"}],"author":[{"embeddable":true,"href":"https:\/\/vkpatriarhat.org\/pg\/wp-json\/wp\/v2\/users\/1"}],"replies":[{"embeddable":true,"href":"https:\/\/vkpatriarhat.org\/pg\/wp-json\/wp\/v2\/comments?post=23632"}],"version-history":[{"count":6,"href":"https:\/\/vkpatriarhat.org\/pg\/wp-json\/wp\/v2\/posts\/23632\/revisions"}],"predecessor-version":[{"id":23640,"href":"https:\/\/vkpatriarhat.org\/pg\/wp-json\/wp\/v2\/posts\/23632\/revisions\/23640"}],"wp:featuredmedia":[{"embeddable":true,"href":"https:\/\/vkpatriarhat.org\/pg\/wp-json\/wp\/v2\/media\/23633"}],"wp:attachment":[{"href":"https:\/\/vkpatriarhat.org\/pg\/wp-json\/wp\/v2\/media?parent=23632"}],"wp:term":[{"taxonomy":"category","embeddable":true,"href":"https:\/\/vkpatriarhat.org\/pg\/wp-json\/wp\/v2\/categories?post=23632"},{"taxonomy":"post_tag","embeddable":true,"href":"https:\/\/vkpatriarhat.org\/pg\/wp-json\/wp\/v2\/tags?post=23632"}],"curies":[{"name":"wp","href":"https:\/\/api.w.org\/{rel}","templated":true}]}}