{"id":22443,"date":"2016-11-28T03:18:30","date_gmt":"2016-11-28T00:18:30","guid":{"rendered":"http:\/\/vkpatriarhat.org\/pg\/?p=22443"},"modified":"2021-02-23T03:26:19","modified_gmt":"2021-02-23T00:26:19","slug":"francisco-bergoglio-e-um-papa-invalido-sua-exortacao-heretica-al","status":"publish","type":"post","link":"https:\/\/vkpatriarhat.org\/pg\/francisco-bergoglio-e-um-papa-invalido-sua-exortacao-heretica-al\/","title":{"rendered":"Francisco Bergoglio \u00e9 um papa inv\u00e1lido, sua exorta\u00e7\u00e3o her\u00e9tica AL carece de for\u00e7a assim como a nomea\u00e7\u00e3o de 17 cardeais"},"content":{"rendered":"\t\t<div data-elementor-type=\"wp-post\" data-elementor-id=\"22443\" class=\"elementor elementor-22443\" data-elementor-settings=\"[]\">\n\t\t\t\t\t\t\t<div class=\"elementor-section-wrap\">\n\t\t\t\t\t\t\t<section class=\"elementor-section elementor-top-section elementor-element elementor-element-722b1676 elementor-section-boxed elementor-section-height-default elementor-section-height-default\" data-id=\"722b1676\" data-element_type=\"section\">\n\t\t\t\t\t\t<div class=\"elementor-container elementor-column-gap-default\">\n\t\t\t\t\t<div class=\"elementor-column elementor-col-100 elementor-top-column elementor-element elementor-element-5d34f3e6\" data-id=\"5d34f3e6\" data-element_type=\"column\">\n\t\t\t<div class=\"elementor-widget-wrap elementor-element-populated\">\n\t\t\t\t\t\t\t\t<div class=\"elementor-element elementor-element-7042199e elementor-widget elementor-widget-text-editor\" data-id=\"7042199e\" data-element_type=\"widget\" data-widget_type=\"text-editor.default\">\n\t\t\t\t<div class=\"elementor-widget-container\">\n\t\t\t\t\t<div class=\"elementor-text-editor elementor-clearfix\"><p style=\"text-align: justify;\">Francisco Bergoglio SJ \u00e9 um pan-herege, um Papa inv\u00e1lido e um mero Gr\u00e3o-Mestre honor\u00e1rio da Loja Vaticana, \u00e9 o a\u00e7ougueiro da Igreja Cat\u00f3lica e dos valores morais.<\/p><p style=\"text-align: justify;\">A Palavra de Deus atrav\u00e9s do Ap\u00f3stolo Paulo \u00e9 atual para hoje: <em>\u201c<\/em><em>Estou assombrado de que t\u00e3o depressa vos tenhais distanciado daquele que vos chamou pela gra\u00e7a de Cristo, para seguir um evangelho diferente. N\u00e3o que haja outro, mas h\u00e1 alguns que os perturbam e querem alterar o evangelho de Cristo. Mas se ainda n\u00f3s, ou um anjo do c\u00e9u, vos anunciasse um evangelho diferente do que vos anunciamos, que seja an\u00e1tema. Como dissemos antes, tamb\u00e9m agora eu o repito: Se algu\u00e9m pregar-vos um evangelho diferente do que haveis recebido, seja an\u00e1tema\u201c.<\/em><\/p><p style=\"text-align: justify;\"><em>Mas, ainda que algu\u00e9m \u2013 n\u00f3s ou um anjo baixado do c\u00e9u \u2013 vos anunciasse um evangelho diferente do que vos temos anunciado, que ele seja an\u00e1tema. Repito aqui o que acabamos de dizer: se algu\u00e9m pregar doutrina diferente da que recebesteis, seja ele excomungado!\u201c <\/em>(Ga 1,\u00a06-9)<\/p><p style=\"text-align: justify;\">O Patriarcado Cat\u00f3lico Bizantino, que \u00e9 a voz prof\u00e9tica do que clama no deserto, pela presente publica diante de todos os cat\u00f3licos e crist\u00e3os outra vez: <strong>Em nome do Deus Trino, Pai, Filho e Esp\u00edrito Santo, declaramos que Francisco Bergoglio \u00e9 maldito, exclu\u00eddo da Igreja cat\u00f3lica, j\u00e1 que prega um evangelho diferente do que tinham pregado os Ap\u00f3stolos e a Igreja de Cristo!<\/strong><\/p><p style=\"text-align: justify;\">De acordo com a Palavra de Deus isto \u00e9 confirmado tamb\u00e9m pela Constitui\u00e7\u00e3o dogm\u00e1tica <em>Cum ex apostolatus officio<\/em> do Papa Paulo IV. Esta Constitui\u00e7\u00e3o estabelece claramente que todas as a\u00e7\u00f5es de tal pseudopapa carecem de vigor. Sua nomea\u00e7\u00e3o de 17 cardeais \u00e9 nula! Sua exorta\u00e7\u00e3o her\u00e9tica <em>Amoris Laetitia<\/em> (AL) tamb\u00e9m carece de for\u00e7a e, portanto, n\u00e3o \u00e9 vinculante e causa preju\u00edzo \u00e0s almas.<\/p><p>\u00a0<\/p><p style=\"text-align: center;\">+ Elias<\/p><p style=\"text-align: center;\">Patriarca do Patriarcado Cat\u00f3lico Bizantino<\/p><p style=\"text-align: center;\">+ Metodio OSBMr\u00a0\u00a0\u00a0\u00a0\u00a0\u00a0\u00a0\u00a0 \u00a0\u00a0\u00a0\u00a0\u00a0\u00a0\u00a0+ Timoteo OSBMr<\/p><p style=\"text-align: center;\">Bispos Secret\u00e1rios<\/p><p style=\"text-align: center;\">\u00a0<\/p><p style=\"text-align: center;\">+ Samuel OSBMr<\/p><p style=\"text-align: center;\">\u00a0<\/p><p style=\"text-align: center;\"><em><a href=\"https:\/\/vkpatriarhat.org\/pg\/patriarcado\/informacao-basica\/\">https:\/\/vkpatriarhat.org\/pg\/patriarcado\/informacao-basica\/<\/a><\/em><\/p><p style=\"text-align: center;\">\u00a0<\/p><p style=\"text-align: right;\">28 de novembro de 2016<\/p><p>\u00a0<\/p><p style=\"text-align: justify;\"><strong>C\u00f3pias a:<\/strong><\/p><p style=\"text-align: justify;\">Bispados cat\u00f3licos<\/p><p style=\"text-align: justify;\">L\u00edderes pol\u00edticos da Europa e da Am\u00e9rica<\/p><p style=\"text-align: justify;\">Meios de comunica\u00e7\u00e3o<\/p><p>\u00a0<\/p><p style=\"text-align: justify;\"><em><strong>Baixar:\u00a0<a href=\"http:\/\/vkpatriarhat.org\/pg\/wp-content\/uploads\/2021\/02\/pt-Francisco-Bergoglio-e-um-papa-invalido-sua-exortacao-heretica-AL.doc\">Francisco Bergoglio \u00e9 um papa inv\u00e1lido, sua exorta\u00e7\u00e3o her\u00e9tica AL carece de for\u00e7a assim como a nomea\u00e7\u00e3o de 17 cardeais (28-11-2016)<\/a><\/strong><\/em><\/p><p>\u00a0<\/p><p style=\"text-align: justify;\"><em>O Patriarcado Cat\u00f3lico Bizantino (PCB) \u00e9 uma comunidade de monges, padres e bispos que vivem em mosteiros. O PCB \u00e9 chefiado pelo Patriarca Elias com dois bispos secret\u00e1rios, + Tim\u00f3teo e + Metodio. O PCB surgiu da necessidade de defender verdades crist\u00e3s fundamentais contra heresias e apostasia. O PCB n\u00e3o reconhece o pseudopapa Bergoglio e n\u00e3o est\u00e1 subordinado a ele.<\/em><\/p><p>\u00a0<\/p><p>\u00a0<\/p><\/div>\n\t\t\t\t<\/div>\n\t\t\t\t<\/div>\n\t\t\t\t\t<\/div>\n\t\t<\/div>\n\t\t\t\t\t\t\t<\/div>\n\t\t<\/section>\n\t\t\t\t\t\t<\/div>\n\t\t\t\t\t<\/div>\n\t\t","protected":false},"excerpt":{"rendered":"<p>Francisco Bergoglio SJ \u00e9 um pan-herege, um Papa inv\u00e1lido e um mero Gr\u00e3o-Mestre honor\u00e1rio da Loja Vaticana, \u00e9 o a\u00e7ougueiro da Igreja Cat\u00f3lica e dos valores morais. A Palavra de Deus atrav\u00e9s do Ap\u00f3stolo Paulo \u00e9 atual para hoje: \u201cEstou assombrado de que t\u00e3o depressa vos tenhais distanciado daquele que vos chamou pela gra\u00e7a de [&hellip;]<\/p>\n","protected":false},"author":1,"featured_media":22445,"comment_status":"closed","ping_status":"closed","sticky":false,"template":"","format":"standard","meta":[],"categories":[71,40,262],"tags":[],"_links":{"self":[{"href":"https:\/\/vkpatriarhat.org\/pg\/wp-json\/wp\/v2\/posts\/22443"}],"collection":[{"href":"https:\/\/vkpatriarhat.org\/pg\/wp-json\/wp\/v2\/posts"}],"about":[{"href":"https:\/\/vkpatriarhat.org\/pg\/wp-json\/wp\/v2\/types\/post"}],"author":[{"embeddable":true,"href":"https:\/\/vkpatriarhat.org\/pg\/wp-json\/wp\/v2\/users\/1"}],"replies":[{"embeddable":true,"href":"https:\/\/vkpatriarhat.org\/pg\/wp-json\/wp\/v2\/comments?post=22443"}],"version-history":[{"count":8,"href":"https:\/\/vkpatriarhat.org\/pg\/wp-json\/wp\/v2\/posts\/22443\/revisions"}],"predecessor-version":[{"id":24609,"href":"https:\/\/vkpatriarhat.org\/pg\/wp-json\/wp\/v2\/posts\/22443\/revisions\/24609"}],"wp:featuredmedia":[{"embeddable":true,"href":"https:\/\/vkpatriarhat.org\/pg\/wp-json\/wp\/v2\/media\/22445"}],"wp:attachment":[{"href":"https:\/\/vkpatriarhat.org\/pg\/wp-json\/wp\/v2\/media?parent=22443"}],"wp:term":[{"taxonomy":"category","embeddable":true,"href":"https:\/\/vkpatriarhat.org\/pg\/wp-json\/wp\/v2\/categories?post=22443"},{"taxonomy":"post_tag","embeddable":true,"href":"https:\/\/vkpatriarhat.org\/pg\/wp-json\/wp\/v2\/tags?post=22443"}],"curies":[{"name":"wp","href":"https:\/\/api.w.org\/{rel}","templated":true}]}}