{"id":21841,"date":"2020-10-28T06:42:55","date_gmt":"2020-10-28T03:42:55","guid":{"rendered":"http:\/\/vkpatriarhat.org\/pg\/?p=21841"},"modified":"2021-02-24T14:20:54","modified_gmt":"2021-02-24T11:20:54","slug":"carta-de-agradecimento-aos-medicos-corajosos","status":"publish","type":"post","link":"https:\/\/vkpatriarhat.org\/pg\/carta-de-agradecimento-aos-medicos-corajosos\/","title":{"rendered":"Carta de agradecimento aos m\u00e9dicos corajosos. Mas e o Vaticano?"},"content":{"rendered":"\t\t<div data-elementor-type=\"wp-post\" data-elementor-id=\"21841\" class=\"elementor elementor-21841\" data-elementor-settings=\"[]\">\n\t\t\t\t\t\t\t<div class=\"elementor-section-wrap\">\n\t\t\t\t\t\t\t<section class=\"elementor-section elementor-top-section elementor-element elementor-element-1842d0c elementor-section-boxed elementor-section-height-default elementor-section-height-default\" data-id=\"1842d0c\" data-element_type=\"section\">\n\t\t\t\t\t\t<div class=\"elementor-container elementor-column-gap-default\">\n\t\t\t\t\t<div class=\"elementor-column elementor-col-100 elementor-top-column elementor-element elementor-element-2cf7eec3\" data-id=\"2cf7eec3\" data-element_type=\"column\">\n\t\t\t<div class=\"elementor-widget-wrap elementor-element-populated\">\n\t\t\t\t\t\t\t\t<div class=\"elementor-element elementor-element-1505bdc1 elementor-widget elementor-widget-text-editor\" data-id=\"1505bdc1\" data-element_type=\"widget\" data-widget_type=\"text-editor.default\">\n\t\t\t\t<div class=\"elementor-widget-container\">\n\t\t\t\t\t<div class=\"elementor-text-editor elementor-clearfix\"><p style=\"text-align: justify;\">O Patriarcado Cat\u00f3lico Bizantino, que defende as verdades fundamentais da f\u00e9 e da moral Crist\u00e3s, observa com dor que, embora a voz da verdade dos m\u00e9dicos corajosos j\u00e1 tenha sido claramente ouvida, a coronapsicose ainda n\u00e3o foi detida e a amea\u00e7a de vacina\u00e7\u00e3o que implica a implanta\u00e7\u00e3o de chips persiste.<\/p><p style=\"text-align: justify;\">Caros m\u00e9dicos:<\/p><p style=\"text-align: justify;\">D\u00f3i-nos muito que na luta pela verdade voc\u00eas n\u00e3o tenham sido apoiados pela lideran\u00e7a oficial da Igreja. Pelo contr\u00e1rio, o Vaticano \u2013 liderado pelo Papa inv\u00e1lido Francisco Bergoglio \u2013 foi o primeiro a impor uma quarentena artificial, fechando as igrejas inclusive na Semana Santa, a festividade Crist\u00e3 mais importante.<\/p><div style=\"text-align: center;\"><p><script src=\"https:\/\/fast.wistia.com\/embed\/medias\/o7tz10k7vl.jsonp\" async><\/script><script src=\"https:\/\/fast.wistia.com\/assets\/external\/E-v1.js\" async><\/script><\/p><div class=\"wistia_responsive_padding\" style=\"padding: 56.25% 0 0 0; position: relative;\"><div class=\"wistia_responsive_wrapper\" style=\"height: 100%; left: 0; position: absolute; top: 0; width: 100%;\"><div class=\"wistia_embed wistia_async_o7tz10k7vl videoFoam=true\" style=\"height: 100%; position: relative; width: 100%;\"><div class=\"wistia_swatch\" style=\"height: 100%; left: 0; opacity: 0; overflow: hidden; position: absolute; top: 0; transition: opacity 200ms; width: 100%;\"><img style=\"filter: blur(5px); height: 100%; object-fit: contain; width: 100%;\" src=\"https:\/\/fast.wistia.com\/embed\/medias\/o7tz10k7vl\/swatch\" alt=\"\" aria-hidden=\"true\" \/><\/div><\/div><\/div><\/div><\/div><h5 style=\"text-align: center;\"><em><strong><span style=\"color: #301010;\">V\u00eddeo tamb\u00e9m pode ser visto aqui:<\/span>\u00a0<a href=\"https:\/\/warning-humanity.wistia.com\/medias\/o7tz10k7vl\">https:\/\/warning-humanity.wistia.com\/medias\/o7tz10k7vl\u00a0<\/a> \u00a0 \u00a0 \u00a0<a href=\"https:\/\/lbry.tv\/@Resurrection:d\/carta-de-agradecimento-aos-medicos-corajosos:5\">https:\/\/lbry.tv\/@Resurrection:d\/carta-de-agradecimento-aos-medicos-corajosos:5<\/a>\u00a0 \u00a0<a href=\"https:\/\/ugetube.com\/watch\/_p6HteQ6ysOkIx9h.html\">https:\/\/ugetube.com\/watch\/_p6HteQ6ysOkIx9h.html<\/a><br \/><a href=\"https:\/\/gloria.tv\/post\/c2xC9eK9aovh1XgfmGhjtxCHS\">https:\/\/gloria.tv\/post\/c2xC9eK9aovh1XgfmGhjtxCHS<\/a>\u00a0 \u00a0<\/strong><\/em><\/h5><h5 style=\"text-align: center;\"><em><strong><span style=\"color: #301010;\">Baixar v\u00eddeo:<\/span> <a href=\"https:\/\/seed-eu1.gloria.tv\/nqxTqHQSH2Mo3mQUfBt68ig9G\/k4d7z4k6l1bt47dwqk0rz8txfxh2dnputklcw7r.mp4?download=Carta-de-agradecimento-aos-medicos-corajosos.-Mas-e-o-Vaticano-c2xC9eK9aovh1XgfmGhjtxCHS.mp4\">315,1 MB, 1280\u00d7720<\/a> <span style=\"color: #4d0a0a;\">\/<\/span> <a href=\"https:\/\/seed-eu1.gloria.tv\/XGVV4fGcX6xx3p2HRzhSm2wqc\/9ufi7piw1qul9w3y1slppoig72488rpk2i0guvn.mp4?download=Carta-de-agradecimento-aos-medicos-corajosos.-Mas-e-o-Vaticano-c2xC9eK9aovh1XgfmGhjtxCHS.mp4\">95,5 MB, 768\u00d7432<\/a><\/strong><\/em><\/h5><p><\/p><\/div><\/div><\/div><\/div><\/div><\/div><\/section><\/div><\/div><br><a class=\"btn btn-theme post-btn\" href=\"https:\/\/vkpatriarhat.org\/pg\/carta-de-agradecimento-aos-medicos-corajosos\/\">\u0427\u0438\u0442\u0430\u0442\u0438 \u0434\u0430\u043b\u0456<\/a>","protected":false},"excerpt":{"rendered":"<p>O Patriarcado Cat\u00f3lico Bizantino, que defende as verdades fundamentais da f\u00e9 e da moral Crist\u00e3s, observa com dor que, embora a voz da verdade dos m\u00e9dicos corajosos j\u00e1 tenha sido claramente ouvida, a coronapsicose ainda n\u00e3o foi detida e a amea\u00e7a de vacina\u00e7\u00e3o que implica a implanta\u00e7\u00e3o de chips persiste. Caros m\u00e9dicos: D\u00f3i-nos muito que [&hellip;]<\/p>\n","protected":false},"author":1,"featured_media":21845,"comment_status":"closed","ping_status":"closed","sticky":false,"template":"","format":"standard","meta":[],"categories":[261,71,208,85],"tags":[],"_links":{"self":[{"href":"https:\/\/vkpatriarhat.org\/pg\/wp-json\/wp\/v2\/posts\/21841"}],"collection":[{"href":"https:\/\/vkpatriarhat.org\/pg\/wp-json\/wp\/v2\/posts"}],"about":[{"href":"https:\/\/vkpatriarhat.org\/pg\/wp-json\/wp\/v2\/types\/post"}],"author":[{"embeddable":true,"href":"https:\/\/vkpatriarhat.org\/pg\/wp-json\/wp\/v2\/users\/1"}],"replies":[{"embeddable":true,"href":"https:\/\/vkpatriarhat.org\/pg\/wp-json\/wp\/v2\/comments?post=21841"}],"version-history":[{"count":10,"href":"https:\/\/vkpatriarhat.org\/pg\/wp-json\/wp\/v2\/posts\/21841\/revisions"}],"predecessor-version":[{"id":22795,"href":"https:\/\/vkpatriarhat.org\/pg\/wp-json\/wp\/v2\/posts\/21841\/revisions\/22795"}],"wp:featuredmedia":[{"embeddable":true,"href":"https:\/\/vkpatriarhat.org\/pg\/wp-json\/wp\/v2\/media\/21845"}],"wp:attachment":[{"href":"https:\/\/vkpatriarhat.org\/pg\/wp-json\/wp\/v2\/media?parent=21841"}],"wp:term":[{"taxonomy":"category","embeddable":true,"href":"https:\/\/vkpatriarhat.org\/pg\/wp-json\/wp\/v2\/categories?post=21841"},{"taxonomy":"post_tag","embeddable":true,"href":"https:\/\/vkpatriarhat.org\/pg\/wp-json\/wp\/v2\/tags?post=21841"}],"curies":[{"name":"wp","href":"https:\/\/api.w.org\/{rel}","templated":true}]}}