{"id":27451,"date":"2026-04-26T21:50:06","date_gmt":"2026-04-26T18:50:06","guid":{"rendered":"http:\/\/vkpatriarhat.org\/hu\/?p=27451"},"modified":"2026-04-27T13:56:15","modified_gmt":"2026-04-27T10:56:15","slug":"afrika-puspokei","status":"publish","type":"post","link":"https:\/\/vkpatriarhat.org\/hu\/afrika-puspokei\/","title":{"rendered":"BKP: Afrika p\u00fcsp\u00f6kei, szakadjatok el az aposztata Vatik\u00e1nt\u00f3l!"},"content":{"rendered":"<p style=\"text-align: justify;\">Dr\u00e1ga afrikai P\u00fcsp\u00f6k\u00f6k!<\/p>\n<p style=\"text-align: justify;\">Tudatos\u00edts\u00e1tok a val\u00f3s\u00e1got, amelyben vagytok, \u00e9s keress\u00e9tek a megold\u00e1st, amelyet Isten mindegyik\u0151t\u00f6kt\u0151l szem\u00e9lyesen akar ebben a legkritikusabb id\u0151ben, amelyben az egyh\u00e1z valaha is volt. A f\u0151 k\u00e9rd\u00e9s az, hogy mi ma a megt\u00e9r\u00e9s megment\u0151 megnyilv\u00e1nul\u00e1sa, azaz a gondolkod\u00e1s \u00e9s az \u00e9let megv\u00e1ltoz\u00e1sa.<\/p>\n<div style=\"text-align: center;\">\n<p><script>!function(r,u,m,b,l,e){r._Rumble=b,r[b]||(r[b]=function(){(r[b]._=r[b]._||[]).push(arguments);if(r[b]._.length==1){l=u.createElement(m),e=u.getElementsByTagName(m)[0],l.async=1,l.src=\"https:\/\/rumble.com\/embedJS\/uf1ws9\"+(arguments[1].video?'.'+arguments[1].video:'')+\"\/?url=\"+encodeURIComponent(location.href)+\"&args=\"+encodeURIComponent(JSON.stringify([].slice.apply(arguments))),e.parentNode.insertBefore(l,e)}})}(window, document, \"script\", \"Rumble\");<\/script><\/p>\n<div id=\"rumble_v76ufgs\"><\/div>\n<p><script>\nRumble(\"play\", {\"video\":\"v76ufgs\",\"div\":\"rumble_v76ufgs\"});<\/script><\/p>\n<\/div>\n<p style=\"text-align: center;\"><em><strong><span style=\"color: #170000;\">Ezt a vide\u00f3t megn\u00e9zheted itt is:<\/span> <span style=\"color: #800000;\"><a href=\"https:\/\/youtu.be\/EMCTa3HrfV8\">https:\/\/youtu.be\/EMCTa3HrfV8<\/a>\u00a0\u00a0<\/span><\/strong><\/em><br \/>\n<span style=\"color: #800000;\"><em><strong><a href=\"https:\/\/rumble.com\/v7913h0-afrika-pspkei.html\">https:\/\/rumble.com\/v7913h0-afrika-pspkei.html<\/a>\u00a0 \u00a0<\/strong><\/em><\/span><br \/>\n<span style=\"color: #800000;\"><em><strong><a href=\"https:\/\/cos.tv\/videos\/play\/68862792883800064\">https:\/\/cos.tv\/videos\/play\/68862792883800064<\/a>\u00a0 \u00a0<\/strong><\/em><\/span><br \/>\n<span style=\"color: #800000;\"><em><strong><a href=\"https:\/\/crowdbunker.com\/v\/C2E4m6dgv2\">https:\/\/crowdbunker.com\/v\/C2E4m6dgv2<\/a>\u00a0 \u00a0<\/strong><\/em><\/span><\/p>\n<p><!--more--><\/p>\n<p style=\"text-align: justify;\">2023. december 18-\u00e1n az \u00e9rv\u00e9nytelen p\u00e1pa, aki mag\u00e1ra vonta Isten \u00e1tk\u00e1t, anat\u00e9m\u00e1j\u00e1t, kihirdette a <em>Fiducia supplican<\/em>st, amelyet az afrikai egyh\u00e1z elutas\u00edtott. M\u00e9g el\u0151tte tr\u00f3nra emelte Pachamama d\u00e9mont a Szent P\u00e9ter Bazilik\u00e1ban, \u00e9s 2022-ben Kanad\u00e1ban nyilv\u00e1nosan odaszentelte mag\u00e1t az \u00f6rd\u00f6gnek a var\u00e1zsl\u00f3 seg\u00e9dlet\u00e9vel. Teljesen vil\u00e1gos, hogy ez az ember nem volt \u00e9rv\u00e9nyes p\u00e1pa! A <em>Fiducia supplicans<\/em> deklar\u00e1ci\u00f3j\u00e1val az antikrisztus antiegyh\u00e1z\u00e1v\u00e1 transzform\u00e1lta az egyh\u00e1zat, amely szodomita antievang\u00e9liumot hirdet, amely miatt ugyan\u00fagy Isten anat\u00e9m\u00e1ja hullik azokra, akik elfogadj\u00e1k ezt az \u00fan. szinod\u00e1lis utat az LBTQ sziv\u00e1rv\u00e1nyos z\u00e1szlaja alatt.<\/p>\n<p style=\"text-align: justify;\">Az Isten \u00e1ltal anatemiz\u00e1lt, azaz \u00e1tok alatt \u00e1ll\u00f3 hamis p\u00e1pa, Bergoglio ut\u00f3da Prevost Le\u00f3, aki az Isten ellenes l\u00e1zad\u00e1s ezen \u00fatj\u00e1t folytatja. Ez az ember semmik\u00e9ppen sem val\u00f3di p\u00e1pa, mert a p\u00e1pa f\u0151, Isten \u00e1ltal kijel\u00f6lt feladata,\u00a0 a hit \u00e9s az erk\u00f6lcsi t\u00f6rv\u00e9nyek v\u00e9delme.\u00a0 \u0150 \u00e9ppen az ellenkez\u0151j\u00e9t teszi! Felsz\u00e1molja az erk\u00f6lcsi t\u00f6rv\u00e9nyeket \u00e9s az \u00f6r\u00f6k k\u00e1rhozatra viv\u0151 utat szorgalmazza. A katolikusok azonban hamis engedelmess\u00e9g c\u00edm\u00e9n al\u00e1vetik neki magukat, \u00e9s ezut\u00e1n m\u00e1r nem k\u00e9pesek az igazs\u00e1got igazs\u00e1gnak, a hazugs\u00e1got hazugs\u00e1gnak nevezni. Nem k\u00e9pekesek a saj\u00e1t megment\u00e9s\u00fck \u00e9rdek\u00e9ben radik\u00e1lis l\u00e9p\u00e9st tenni, \u00e9s mintegy del\u00edriumban menetelnek a pokolra viv\u0151 \u00faton. Igen, ez a lelki \u00e1tok l\u00e1that\u00f3 jele.<\/p>\n<p style=\"text-align: justify;\">S\u0151t, a lelki ocsm\u00e1nys\u00e1g b\u0171nei miatt, mint amilyen a homoszexualit\u00e1s \u00e9s az egy\u00e9b Q ocsm\u00e1nys\u00e1gok, ma m\u00e1r nem lehet b\u0171nb\u00e1natot gyakorolni. Nem lehet b\u0171nb\u00e1natot gyakorolni az Isten-\u00e1rul\u00e1s miatt sem, amit ma az egyh\u00e1zi hierarchia elk\u00f6vet. A legnagyobb trag\u00e9dia az, hogy egyetlen p\u00fcsp\u00f6k sem, kiv\u00e9ve C. M. Vigano \u00e9rseket, nem k\u00e9pes ki\u00e1llni Krisztus\u00e9rt \u00e9s az \u0150 evang\u00e9lium\u00e1\u00e9rt. Mindannyian gy\u00e1v\u00e1n hallgatnak. Ez a hallgat\u00e1s b\u0171n, a legs\u00falyosabb b\u0171n\u00f6k egyike! Ez az \u00e1tokban val\u00f3 sz\u00e1nd\u00e9kos r\u00e9szess\u00e9g jele, amelyet minden hallgat\u00f3 p\u00fcsp\u00f6k szem\u00e9lyesen mag\u00e1ra von.<\/p>\n<p style=\"text-align: justify;\">\u00a0Abszurd, hogy egyetlen lelki b\u0171n\u00f6z\u0151, l\u00e9lekgyilkos, Ambongo Besungu b\u00edboros, a mark\u00e1ban tartja eg\u00e9sz Afrik\u00e1t! Ek\u00f6zben nem rendelkezik a l\u00e9lek erej\u00e9vel, mert exkommunik\u00e1ci\u00f3 alatt \u00e1ll! Ti, p\u00fcsp\u00f6k\u00f6k, mi\u00e9rt vetitek al\u00e1 magatokat neki? Azzal, hogy al\u00e1vetitek magatokat neki,\u00a0 \u0151 pedig Prevostnak veti mag\u00e1t al\u00e1, az eg\u00e9sz afrikai katolikus egyh\u00e1zra \u00e1tok hullik a ti gy\u00e1vas\u00e1gotok \u00e1ltal. Semmit nem v\u00e1ltoztat ezen az, hogy Afrika elutas\u00edtotta a <em>Fiducia supplicanst<\/em>, azaz a homoszexu\u00e1lisok meg\u00e1ld\u00e1s\u00e1t.<\/p>\n<p style=\"text-align: justify;\">Egyes afrikai orsz\u00e1gokban m\u00e9g vannak olyan \u00e1llami t\u00f6rv\u00e9nyek, amelyek igazs\u00e1gosan b\u00fcntetik a homoszexualit\u00e1st. Ezzel v\u00e9delmezik a lakoss\u00e1got az erk\u00f6lcstelen epid\u00e9mi\u00e1val szemben. Besungu azonban arra sz\u00e1m\u00edt, hogy fokozatosan megv\u00e1ltozik a gondolkod\u00e1s, f\u0151leg az agymos\u00e1s modern eszk\u00f6zei \u00e1ltal \u2013 az okostelefonok \u00e1ltal. Ezek c\u00e9ltudatosan propag\u00e1lj\u00e1k \u00e9s er\u0151ltetik a homoszexualit\u00e1st, \u00e9s haszn\u00e1lati utas\u00edt\u00e1st adnak az ocsm\u00e1nys\u00e1gokhoz, az okkultizmushoz, eg\u00e9sz a s\u00e1t\u00e1nizmusig terjed\u0151en, vagyis a fiatal gener\u00e1ci\u00f3 gondolkod\u00e1s\u00e1nak megv\u00e1ltoz\u00e1sa nagyon gyorsan v\u00e9gbemegy. Afrik\u00e1ban a t\u00f6rv\u00e9nyek meg fognak v\u00e1ltozni, \u00e9s r\u00e1tok, gy\u00e1va p\u00fcsp\u00f6k\u00f6k, ha id\u0151ben nem teszitek meg a hit l\u00e9p\u00e9s\u00e9t \u00e9s nem szakadtok el az antikrisztus szolg\u00e1j\u00e1t\u00f3l, aki Besungu, b\u0171n hullik a fejetekre, de nemcsak Afrika t\u00f6nkret\u00e9tel\u00e9\u00e9rt, hanem a t\u00f6bb milli\u00f3 l\u00e9lek \u00f6r\u00f6k elk\u00e1rhoz\u00e1s\u00e1\u00e9rt is.<\/p>\n<p style=\"text-align: justify;\">Azonban tudatos\u00edts\u00e1tok, hogy manaps\u00e1g m\u00e1r tervezetten megval\u00f3s\u00edtj\u00e1k a transzhumanizmus ideol\u00f3gi\u00e1it. A transzhumanizmus l\u00e9nyeg\u00e9t tekintve ideol\u00f3giai fegyver a vil\u00e1gelit, a szabadk\u0151m\u0171vesek kez\u00e9ben, amely az emberi faj kipuszt\u00edt\u00e1s\u00e1ra ir\u00e1nyul. Az ember term\u00e9szetes testi \u00e9s ment\u00e1lis hat\u00e1raira a transzhumanist\u00e1k, a hal\u00e1l \u00e9p\u00edt\u00e9szei rosszk\u00e9nt tekintenek. Fel akarj\u00e1k ezeket sz\u00e1molni az emberi gen\u00f3mba t\u00f6rt\u00e9n\u0151 beavatkoz\u00e1ssal, pl. az mRNS vakcin\u00e1kkal, valamint az ember m\u0171szaki\u00a0 \u00e9s digit\u00e1lis \u201etov\u00e1bbfejleszt\u00e9s\u00e9vel\u201c.\u00a0 A mesters\u00e9ges inteligencia seg\u00edts\u00e9g\u00e9vel valamif\u00e9le ember feletti embert akarnak l\u00e9trehozni. Ez k\u00f6zvetlen t\u00e1mad\u00e1s az emberi faj l\u00e9tez\u00e9se ellen, az emberi faj megm\u00e1s\u00edthatatlan term\u00e9szete \u00e9s identit\u00e1sa ellen.<\/p>\n<p style=\"text-align: justify;\">Az emberis\u00e9g ma t\u00f6r\u00e9spont el\u0151tt \u00e1ll. Vagy meg lesz v\u00e9dve az \u00f6npuszt\u00edt\u00f3 transzhumanizmussal szemben, vagy kiirtatik. A b\u0171n\u00f6s hallgat\u00e1s az \u00f6npuszt\u00edt\u00e1s folyamat\u00e1t ezekben a napokban folytatni engedi. <u>A rem\u00e9ny az, hogy Oroszorsz\u00e1g nem fog hallgatni, \u00e9s ki\u00e1ll az emberi faj kiirt\u00e1s\u00e1val szemben az emberi faj megment\u00e9s\u00e9\u00e9rt<\/u>.<\/p>\n<p style=\"text-align: justify;\">A Sz\u0171zanya a fatimai jelen\u00e9sekor egy titkot k\u00f6z\u00f6lt: \u201eHa Oroszorsz\u00e1g b\u0171nb\u00e1natot tart, nem lesz vil\u00e1gkatasztr\u00f3fa.\u201c Az \u00fczenet ahhoz a felt\u00e9telhez volt k\u00f6tve, hogy Oroszorsz\u00e1got nyilv\u00e1nosan odaszentelj\u00e9k a Sz\u0171zany\u00e1nak.<\/p>\n<p style=\"text-align: justify;\">Azonban nem ker\u00fclhet sor Oroszorsz\u00e1gban odaszentel\u00e9sre \u00e9s b\u0171nb\u00e1natra, mert a hazug p\u00e1tri\u00e1rka, Kirill Gungyajev titokban a hal\u00e1l \u00e9p\u00edt\u00e9szeit szolg\u00e1lja, hasonl\u00f3an Ambongo Besunguhoz, aki Afrik\u00e1ban szolg\u00e1lja \u0151ket. Azoknak a mark\u00e1ban tart benneteket is, akiket \u0151 maga is szolg\u00e1l, \u00e9s nem engedi meg az igaz b\u0171nb\u00e1natot \u00e9s ezzel Afrika megmenek\u00fcl\u00e9s\u00e9t az erk\u00f6lcsi, lelki \u00e9s fizikai \u00f6npuszt\u00edt\u00e1st\u00f3l.<\/p>\n<p style=\"text-align: justify;\">\u00dajra sz\u00fcks\u00e9ges tudatos\u00edtani a val\u00f3s\u00e1got: Bergoglio \u00e9s Prevost nem volt \u00e9s ma sem val\u00f3di p\u00e1pa! Aki sz\u00f3t fogad a hamis p\u00e1p\u00e1nak, Isten ellenes l\u00e1zad\u00e1sba fog, mert Prevost Le\u00f3 a szodomita antievang\u00e9lium hirdet\u00e9s\u00e9vel ennek a ny\u00edlt l\u00e1zad\u00e1snak az \u00e9l\u00e9n \u00e1ll.<\/p>\n<p style=\"text-align: justify;\">Mit mond erre a tragikus \u00e1llapotra az egyh\u00e1z hagyom\u00e1ny \u00e9s a Szent\u00edr\u00e1s? A Szent\u00edr\u00e1s \u00e1ll\u00e1spontj\u00e1t az eretnek p\u00e1p\u00e1ra vonatkoz\u00f3an vil\u00e1gosan kifejtett\u00e9k az egyh\u00e1zaty\u00e1k, mint Szt. Cipri\u00e1nus, Szt. Augustinus, Szt. Jeromos, valamint az egyh\u00e1 tan\u00edt\u00f3i, mint Liguori Szt. Alfonz, Szal\u00e9zi Szt. Ferenc, Bellarmin Szt. R\u00f3bert b\u00edboros, akik ezt mondj\u00e1k: <em>\u201eAz a p\u00e1pa, aki nyilv\u00e1nval\u00f3an heretikus, automatikusan megsz\u0171nik p\u00e1pa \u00e9s fej lenni, mint ahogy megsz\u0171nik kereszt\u00e9ny \u00e9s egyh\u00e1ztag lenni.\u201c<\/em><\/p>\n<p style=\"text-align: justify;\">A Szent\u00edr\u00e1s anat\u00e9m\u00e1t hirdet mindenkire, teh\u00e1t a p\u00e1p\u00e1ra is, s\u0151t az \u00e9gb\u0151l j\u00f6v\u0151 angyalra is, a m\u00e1s evang\u00e9lium\u00e9rt, azaz a m\u00e1s tan\u00edt\u00e1s\u00e9rt, a m\u00e1s l\u00e9lek, azaz nem Krisztus lelk\u00e9nek, hordoz\u00e1s\u00e1\u00e9rt. Bergoglio \u00e9s Prevost az antikrisztus lelk\u00e9t hordozz\u00e1k, \u00e9s az \u0151 \u00faj tan\u00edt\u00e1suk Isten ellenes l\u00e1zad\u00e1s. Milyen nagy lelki vaks\u00e1g \u00fcl a p\u00fcsp\u00f6k\u00f6k\u00f6n, az apostolok ut\u00f3dain, akiknek k\u00f6teless\u00e9ge a hitigazs\u00e1gok \u00e9s az erk\u00f6lcsi igazs\u00e1gok v\u00e9delme, amelyek a megv\u00e1lt\u00e1sra visznek, hogy hallgatnak \u00e9s nem k\u00e9pesek ki\u00e1llni Krisztus\u00e9rt \u00e9s a halhatatlan lelkek \u00fcdv\u00f6ss\u00e9g\u00e9\u00e9rt!<\/p>\n<p style=\"text-align: justify;\">Tisztelt afrikai P\u00fcsp\u00f6k\u00f6k, \u00e9bredjetek fel a hal\u00e1l lelki \u00e1lm\u00e1b\u00f3l, \u00e9s kezdjetek radik\u00e1lisan fell\u00e9pni a saj\u00e1t \u00e9s a r\u00e1tok b\u00edzott lelkek \u00fcdv\u00f6ss\u00e9ge \u00e9rdek\u00e9ben! Ambongo Besungu az orrotokn\u00e1l fogva vezet benneteket. Nem eg\u00e9sz egy \u00e9vvel a <em>Fiducia supplicans<\/em> \u00e1ltalatok t\u00f6rt\u00e9nt elutas\u00edt\u00e1s\u00e1t k\u00f6vet\u0151en web szemin\u00e1riumot rendezett, amelyen titeket vil\u00e1gos feladat el\u00e9 \u00e1ll\u00edtott: Implement\u00e1lj\u00e1tok a zsinat felismer\u00e9seit! Itt az afrikai egyh\u00e1z szodomiz\u00e1l\u00e1s\u00e1r\u00f3l \u00e9s sataniz\u00e1l\u00e1s\u00e1r\u00f3l van sz\u00f3. Ez azt jelenti, hogy nem veszi figyelembe, hogy elutas\u00edtott\u00e1tok a <em>Fiducia supplicanst<\/em>. Ha respekt\u00e1lj\u00e1tok Besungut mint lelki tekint\u00e9lyt magatok f\u00f6l\u00f6tt, ezzel m\u00e1r befogadj\u00e1tok a m\u00e1sik lelket, \u00e9s ez a l\u00e9lek megv\u00e1ltoztatja a gondolkod\u00e1st, mert megv\u00e1ltoztatta az evang\u00e9liumot \u00e9s \u00e1tkot von r\u00e1tok, ami eg\u00e9sz Afrika tragikus buk\u00e1s\u00e1hoz vezet.<\/p>\n<p style=\"text-align: justify;\">Tisztelt P\u00fcsp\u00f6k\u00f6k, ha legal\u00e1bb n\u00e9h\u00e1nyan k\u00f6z\u00fcletek nem t\u00e9rnek \u00e9szhez, \u00e9s m\u00e9g ezekben a napokban\u00a0 radik\u00e1lisan nem szakadtok el az aposztata Vatik\u00e1nt\u00f3l, t\u00f6bb milli\u00f3 afrikai katolikus sorsa, akik az ideigval\u00f3 \u00e9s az \u00f6r\u00f6k k\u00e1rhozatban v\u00e9gzik, sz\u00e1rad a lelketeken. Ezzel azonban, a ti b\u0171neitek miatt, k\u00e1rhozatra \u00edt\u00e9ltetnek teljes j\u00f6v\u0151beli\u00a0 gener\u00e1ci\u00f3k is. Afrika s\u00edr\u00e1s\u00f3iv\u00e1 v\u00e1ltok. \u00c9bredjetek \u00e9s tegy\u00e9tek meg a ment\u0151 l\u00e9p\u00e9st \u2013 szakadjatok el az aposztata Vatik\u00e1nt\u00f3l!<\/p>\n<p style=\"text-align: justify;\">Annak tudat\u00e1ban, hogy Isten l\u00e1t \u00e9s hall t\u00e9ged, tagadd meg ezeket a lelkeket:<\/p>\n<ol style=\"text-align: justify;\">\n<li>Megtagadom azt a lelket, amely a jelenlegi teol\u00f3gia m\u00f6g\u00f6tt \u00e1ll, amely k\u00e9ts\u00e9gbevonja J\u00e9zus Krisztus<\/li>\n<\/ol>\n<p style=\"text-align: justify;\">\u00a0\u00a0\u00a0\u00a0 istens\u00e9g\u00e9t \u00e9s a Szent\u00edr\u00e1s isteni ihletetts\u00e9g\u00e9t. A megtagad\u00e1s jelek\u00e9nt vess magadra keresztet: Az Atya, a<\/p>\n<p style=\"text-align: justify;\">\u00a0\u00a0\u00a0\u00a0 Fi\u00fa \u00e9s a Szentl\u00e9lek nev\u00e9ben. \u00c1men.<\/p>\n<ol style=\"text-align: justify;\" start=\"2\">\n<li>Megtagadom a Fiducia supplicans m\u00f6g\u00f6tt \u00e1ll\u00f3 lelket, amely legaliz\u00e1lja a szod\u00f3mia s\u00falyos b\u0171n\u00e9t. A megtagad\u00e1s jelek\u00e9nt vess magadra keresztet: Az Atya, a Fi\u00fa \u00e9s a Szentl\u00e9lek nev\u00e9ben. \u00c1men.<\/li>\n<li>Megtagadom a transzhumanizmus lelk\u00e9t, amely az eg\u00e9sz emberi faj kiirt\u00e1s\u00e1hoz vezet. A megtagad\u00e1s jelek\u00e9nt vess magadra keresztet: Az Atya, a Fi\u00fa \u00e9s a Szentl\u00e9lek nev\u00e9ben. \u00c1men.<\/li>\n<li>Megtagadom az okkultizmus lelk\u00e9t, amely a m\u00e1gia minden form\u00e1ja, a j\u00f3sl\u00e1s, a spiritizmus, a babon\u00e1k \u00e9s a voodoo m\u00f6g\u00f6tt \u00e1ll. A megtagad\u00e1s jelek\u00e9nt vess magadra keresztet: Az Atya, a Fi\u00fa \u00e9s a Szentl\u00e9lek nev\u00e9ben. \u00c1men.<\/li>\n<\/ol>\n<p>&nbsp;<\/p>\n<p style=\"text-align: center;\">+ Ill\u00e9s<\/p>\n<p style=\"text-align: center;\">A Biz\u00e1nci Katolikus Patriarch\u00e1tus p\u00e1tri\u00e1rk\u00e1ja<\/p>\n<p style=\"text-align: center;\">+ Tim\u00f3teus\u00a0\u00a0\u00a0\u00a0\u00a0\u00a0\u00a0\u00a0 + Met\u00f3d<\/p>\n<p style=\"text-align: center;\">\u00a0\u00a0\u00a0 P\u00fcsp\u00f6k-titk\u00e1rok<\/p>\n<p style=\"text-align: right;\">2026.03.23.<\/p>\n<p>&nbsp;<\/p>\n<p style=\"text-align: justify;\"><em><strong>Let\u00f6lt\u00e9s: <a href=\"http:\/\/vkpatriarhat.org\/hu\/wp-content\/uploads\/2026\/04\/hu-Afrika-puspokei-szakadjatok-el-az-aposztata-Vatikantol.doc\">BKP: Afrika p\u00fcsp\u00f6kei, szakadjatok el az aposztata Vatik\u00e1nt\u00f3l! (2026.03.23.)<\/a><\/strong><\/em><\/p>\n<p>&nbsp;<\/p>\n<p>&nbsp;<\/p>\n","protected":false},"excerpt":{"rendered":"<p>Dr\u00e1ga afrikai P\u00fcsp\u00f6k\u00f6k! Tudatos\u00edts\u00e1tok a val\u00f3s\u00e1got, amelyben vagytok, \u00e9s keress\u00e9tek a megold\u00e1st, amelyet Isten mindegyik\u0151t\u00f6kt\u0151l szem\u00e9lyesen akar ebben a legkritikusabb id\u0151ben, amelyben az egyh\u00e1z valaha is volt. A f\u0151 k\u00e9rd\u00e9s az, hogy mi ma a megt\u00e9r\u00e9s megment\u0151 megnyilv\u00e1nul\u00e1sa, azaz a gondolkod\u00e1s \u00e9s az \u00e9let megv\u00e1ltoz\u00e1sa. Ezt a vide\u00f3t megn\u00e9zheted itt is: https:\/\/youtu.be\/EMCTa3HrfV8\u00a0\u00a0 https:\/\/rumble.com\/v7913h0-afrika-pspkei.html\u00a0 \u00a0 https:\/\/cos.tv\/videos\/play\/68862792883800064\u00a0 [&hellip;]<\/p>\n","protected":false},"author":1,"featured_media":27452,"comment_status":"closed","ping_status":"closed","sticky":false,"template":"","format":"standard","meta":[],"categories":[85],"tags":[],"_links":{"self":[{"href":"https:\/\/vkpatriarhat.org\/hu\/wp-json\/wp\/v2\/posts\/27451"}],"collection":[{"href":"https:\/\/vkpatriarhat.org\/hu\/wp-json\/wp\/v2\/posts"}],"about":[{"href":"https:\/\/vkpatriarhat.org\/hu\/wp-json\/wp\/v2\/types\/post"}],"author":[{"embeddable":true,"href":"https:\/\/vkpatriarhat.org\/hu\/wp-json\/wp\/v2\/users\/1"}],"replies":[{"embeddable":true,"href":"https:\/\/vkpatriarhat.org\/hu\/wp-json\/wp\/v2\/comments?post=27451"}],"version-history":[{"count":9,"href":"https:\/\/vkpatriarhat.org\/hu\/wp-json\/wp\/v2\/posts\/27451\/revisions"}],"predecessor-version":[{"id":27455,"href":"https:\/\/vkpatriarhat.org\/hu\/wp-json\/wp\/v2\/posts\/27451\/revisions\/27455"}],"wp:featuredmedia":[{"embeddable":true,"href":"https:\/\/vkpatriarhat.org\/hu\/wp-json\/wp\/v2\/media\/27452"}],"wp:attachment":[{"href":"https:\/\/vkpatriarhat.org\/hu\/wp-json\/wp\/v2\/media?parent=27451"}],"wp:term":[{"taxonomy":"category","embeddable":true,"href":"https:\/\/vkpatriarhat.org\/hu\/wp-json\/wp\/v2\/categories?post=27451"},{"taxonomy":"post_tag","embeddable":true,"href":"https:\/\/vkpatriarhat.org\/hu\/wp-json\/wp\/v2\/tags?post=27451"}],"curies":[{"name":"wp","href":"https:\/\/api.w.org\/{rel}","templated":true}]}}