{"id":26825,"date":"2025-05-21T15:36:32","date_gmt":"2025-05-21T12:36:32","guid":{"rendered":"http:\/\/vkpatriarhat.org\/hu\/?p=26825"},"modified":"2025-05-21T16:31:53","modified_gmt":"2025-05-21T13:31:53","slug":"usa-katolikusai","status":"publish","type":"post","link":"https:\/\/vkpatriarhat.org\/hu\/usa-katolikusai\/","title":{"rendered":"BKP: Mit tegyenek az USA katolikusai, ha t\u00f6rv\u00e9nytelen\u00fcl \u00e9s \u00e9rv\u00e9nytelen\u00fcl ker\u00fclt kiv\u00e1laszt\u00e1sra Bergoglio 2?"},"content":{"rendered":"\t\t<div data-elementor-type=\"wp-post\" data-elementor-id=\"26825\" class=\"elementor elementor-26825\" data-elementor-settings=\"[]\">\n\t\t\t\t\t\t\t<div class=\"elementor-section-wrap\">\n\t\t\t\t\t\t\t<section class=\"elementor-section elementor-top-section elementor-element elementor-element-6a17958d elementor-section-boxed elementor-section-height-default elementor-section-height-default\" data-id=\"6a17958d\" data-element_type=\"section\">\n\t\t\t\t\t\t<div class=\"elementor-container elementor-column-gap-default\">\n\t\t\t\t\t<div class=\"elementor-column elementor-col-100 elementor-top-column elementor-element elementor-element-3575077\" data-id=\"3575077\" data-element_type=\"column\">\n\t\t\t<div class=\"elementor-widget-wrap elementor-element-populated\">\n\t\t\t\t\t\t\t\t<div class=\"elementor-element elementor-element-7d568c31 elementor-widget elementor-widget-text-editor\" data-id=\"7d568c31\" data-element_type=\"widget\" data-widget_type=\"text-editor.default\">\n\t\t\t\t<div class=\"elementor-widget-container\">\n\t\t\t\t\t\t\t<p style=\"text-align: justify;\">Az USA dr\u00e1ga katolikusai,<\/p><p style=\"text-align: justify;\">j\u00f3l ismeritek apostoli nunciusotokat, Carlo Maria Viganot. \u0150t nektek Isten adta, mint Isten ember\u00e9t, aki b\u00e1tran szembesz\u00e1llt a homoh\u00e1l\u00f3zattal, amelynek l\u00e9te McCarrick b\u00edboros lelk\u00e9n sz\u00e1rad. Carlo Maria Vigano \u00e9rsek Isten pr\u00f3f\u00e9t\u00e1jak\u00e9nt l\u00e9pett fel annak tudat\u00e1ban, hogy erk\u00f6lcsi \u00e9s fizikai meg\u00f6l\u00e9s\u00e9t kock\u00e1ztatja. \u0150 nev\u00e9n nevezte a m\u00e9ly \u00e1llamot (Deep State), \u00e9s leleplezte az \u00fan. m\u00e9ly egyh\u00e1zat is (Deep Church), \u00e9s r\u00e1mutatott arra, hogy hogyan puszt\u00edtja az emberis\u00e9get.<\/p><div style=\"text-align: center;\"><p><script>!function(r,u,m,b,l,e){r._Rumble=b,r[b]||(r[b]=function(){(r[b]._=r[b]._||[]).push(arguments);if(r[b]._.length==1){l=u.createElement(m),e=u.getElementsByTagName(m)[0],l.async=1,l.src=\"https:\/\/rumble.com\/embedJS\/uf1ws9\"+(arguments[1].video?'.'+arguments[1].video:'')+\"\/?url=\"+encodeURIComponent(location.href)+\"&args=\"+encodeURIComponent(JSON.stringify([].slice.apply(arguments))),e.parentNode.insertBefore(l,e)}})}(window, document, \"script\", \"Rumble\");<\/script><\/p><div id=\"rumble_v6rh74p\">\u00a0<\/div><p><script>\nRumble(\"play\", {\"video\":\"v6rh74p\",\"div\":\"rumble_v6rh74p\"});<\/script><\/p><\/div><p style=\"text-align: center;\"><em><strong><span style=\"color: #1f0101;\">Ezt a vide\u00f3t megn\u00e9zheted itt is:<\/span> <span style=\"color: #800000;\"><a href=\"https:\/\/crowdbunker.com\/v\/b66V6GGhZi\">https:\/\/crowdbunker.com\/v\/b66V6GGhZi<\/a>\u00a0\u00a0<\/span><\/strong><\/em><br \/><span style=\"color: #800000;\"><em><strong><a href=\"https:\/\/rumble.com\/v6to3dj-usa-katolikusai.html\">https:\/\/rumble.com\/v6to3dj-usa-katolikusai.html<\/a>\u00a0 \u00a0<\/strong><\/em><\/span><br \/><span style=\"color: #800000;\"><em><strong><a href=\"https:\/\/www.bitchute.com\/video\/94ohO7IAcJRk\/\">https:\/\/www.bitchute.com\/video\/94ohO7IAcJRk\/<\/a>\u00a0 \u00a0<\/strong><\/em><\/span><br \/><span style=\"color: #800000;\"><em><strong><a href=\"https:\/\/cos.tv\/videos\/play\/61155504490317824\">https:\/\/cos.tv\/videos\/play\/61155504490317824<\/a>\u00a0 \u00a0<\/strong><\/em><\/span><\/p><p><\/p><\/div><\/div><\/div><\/div><\/div><\/section><\/div><\/div><br><a class=\"btn btn-theme post-btn\" href=\"https:\/\/vkpatriarhat.org\/hu\/usa-katolikusai\/\">\u0427\u0438\u0442\u0430\u0442\u0438 \u0434\u0430\u043b\u0456<\/a>","protected":false},"excerpt":{"rendered":"<p>Az USA dr\u00e1ga katolikusai, j\u00f3l ismeritek apostoli nunciusotokat, Carlo Maria Viganot. \u0150t nektek Isten adta, mint Isten ember\u00e9t, aki b\u00e1tran szembesz\u00e1llt a homoh\u00e1l\u00f3zattal, amelynek l\u00e9te McCarrick b\u00edboros lelk\u00e9n sz\u00e1rad. Carlo Maria Vigano \u00e9rsek Isten pr\u00f3f\u00e9t\u00e1jak\u00e9nt l\u00e9pett fel annak tudat\u00e1ban, hogy erk\u00f6lcsi \u00e9s fizikai meg\u00f6l\u00e9s\u00e9t kock\u00e1ztatja. \u0150 nev\u00e9n nevezte a m\u00e9ly \u00e1llamot (Deep State), \u00e9s leleplezte [&hellip;]<\/p>\n","protected":false},"author":1,"featured_media":26826,"comment_status":"closed","ping_status":"closed","sticky":false,"template":"","format":"standard","meta":[],"categories":[40,85],"tags":[],"_links":{"self":[{"href":"https:\/\/vkpatriarhat.org\/hu\/wp-json\/wp\/v2\/posts\/26825"}],"collection":[{"href":"https:\/\/vkpatriarhat.org\/hu\/wp-json\/wp\/v2\/posts"}],"about":[{"href":"https:\/\/vkpatriarhat.org\/hu\/wp-json\/wp\/v2\/types\/post"}],"author":[{"embeddable":true,"href":"https:\/\/vkpatriarhat.org\/hu\/wp-json\/wp\/v2\/users\/1"}],"replies":[{"embeddable":true,"href":"https:\/\/vkpatriarhat.org\/hu\/wp-json\/wp\/v2\/comments?post=26825"}],"version-history":[{"count":9,"href":"https:\/\/vkpatriarhat.org\/hu\/wp-json\/wp\/v2\/posts\/26825\/revisions"}],"predecessor-version":[{"id":26836,"href":"https:\/\/vkpatriarhat.org\/hu\/wp-json\/wp\/v2\/posts\/26825\/revisions\/26836"}],"wp:featuredmedia":[{"embeddable":true,"href":"https:\/\/vkpatriarhat.org\/hu\/wp-json\/wp\/v2\/media\/26826"}],"wp:attachment":[{"href":"https:\/\/vkpatriarhat.org\/hu\/wp-json\/wp\/v2\/media?parent=26825"}],"wp:term":[{"taxonomy":"category","embeddable":true,"href":"https:\/\/vkpatriarhat.org\/hu\/wp-json\/wp\/v2\/categories?post=26825"},{"taxonomy":"post_tag","embeddable":true,"href":"https:\/\/vkpatriarhat.org\/hu\/wp-json\/wp\/v2\/tags?post=26825"}],"curies":[{"name":"wp","href":"https:\/\/api.w.org\/{rel}","templated":true}]}}