{"id":25321,"date":"2024-06-22T18:41:42","date_gmt":"2024-06-22T15:41:42","guid":{"rendered":"http:\/\/vkpatriarhat.org\/hu\/?p=25321"},"modified":"2024-07-06T18:44:27","modified_gmt":"2024-07-06T15:44:27","slug":"az-elet-igeje-lk-3-9-2024-6-23-2024-7-7","status":"publish","type":"post","link":"https:\/\/vkpatriarhat.org\/hu\/az-elet-igeje-lk-3-9-2024-6-23-2024-7-7\/","title":{"rendered":"Az Elet Igeje \u2013 Lk 3, 9  (2024.6.23. \u2013 2024.7.7.)"},"content":{"rendered":"\t\t<div data-elementor-type=\"wp-post\" data-elementor-id=\"25321\" class=\"elementor elementor-25321\" data-elementor-settings=\"[]\">\n\t\t\t\t\t\t\t<div class=\"elementor-section-wrap\">\n\t\t\t\t\t\t\t<section class=\"elementor-section elementor-top-section elementor-element elementor-element-e934ec3 elementor-section-boxed elementor-section-height-default elementor-section-height-default\" data-id=\"e934ec3\" data-element_type=\"section\">\n\t\t\t\t\t\t<div class=\"elementor-container elementor-column-gap-default\">\n\t\t\t\t\t<div class=\"elementor-column elementor-col-100 elementor-top-column elementor-element elementor-element-4110cfd8\" data-id=\"4110cfd8\" data-element_type=\"column\">\n\t\t\t<div class=\"elementor-widget-wrap elementor-element-populated\">\n\t\t\t\t\t\t\t\t<div class=\"elementor-element elementor-element-491baf4b elementor-widget elementor-widget-text-editor\" data-id=\"491baf4b\" data-element_type=\"widget\" data-widget_type=\"text-editor.default\">\n\t\t\t\t<div class=\"elementor-widget-container\">\n\t\t\t\t\t\t\t<h4 style=\"text-align: center;\"><span style=\"color: #000080;\"><em><strong>Imm\u00e1r pedig a fejsze is r\u00e1vettetett a f\u00e1k gy\u00f6ker\u00e9re:<\/strong><\/em><\/span><\/h4><h4 style=\"text-align: center;\"><span style=\"color: #000080;\"><em><strong> minden fa az\u00e9rt, a mely j\u00f3 gy\u00fcm\u00f6lcs\u00f6t nem terem, <\/strong><\/em><\/span><\/h4><h4 style=\"text-align: center;\"><span style=\"color: #000080;\"><em><strong>kiv\u00e1gattatik \u00e9s a t\u0171zre vettetik.<\/strong><\/em><\/span><\/h4><\/div><\/div><\/div><\/div><\/div><\/section><\/div><\/div><br><a class=\"btn btn-theme post-btn\" href=\"https:\/\/vkpatriarhat.org\/hu\/az-elet-igeje-lk-3-9-2024-6-23-2024-7-7\/\">\u0427\u0438\u0442\u0430\u0442\u0438 \u0434\u0430\u043b\u0456<\/a>","protected":false},"excerpt":{"rendered":"<p>Imm\u00e1r pedig a fejsze is r\u00e1vettetett a f\u00e1k gy\u00f6ker\u00e9re: minden fa az\u00e9rt, a mely j\u00f3 gy\u00fcm\u00f6lcs\u00f6t nem terem, kiv\u00e1gattatik \u00e9s a t\u0171zre vettetik.<\/p>\n","protected":false},"author":1,"featured_media":25322,"comment_status":"closed","ping_status":"closed","sticky":false,"template":"","format":"standard","meta":[],"categories":[90],"tags":[],"_links":{"self":[{"href":"https:\/\/vkpatriarhat.org\/hu\/wp-json\/wp\/v2\/posts\/25321"}],"collection":[{"href":"https:\/\/vkpatriarhat.org\/hu\/wp-json\/wp\/v2\/posts"}],"about":[{"href":"https:\/\/vkpatriarhat.org\/hu\/wp-json\/wp\/v2\/types\/post"}],"author":[{"embeddable":true,"href":"https:\/\/vkpatriarhat.org\/hu\/wp-json\/wp\/v2\/users\/1"}],"replies":[{"embeddable":true,"href":"https:\/\/vkpatriarhat.org\/hu\/wp-json\/wp\/v2\/comments?post=25321"}],"version-history":[{"count":9,"href":"https:\/\/vkpatriarhat.org\/hu\/wp-json\/wp\/v2\/posts\/25321\/revisions"}],"predecessor-version":[{"id":25360,"href":"https:\/\/vkpatriarhat.org\/hu\/wp-json\/wp\/v2\/posts\/25321\/revisions\/25360"}],"wp:featuredmedia":[{"embeddable":true,"href":"https:\/\/vkpatriarhat.org\/hu\/wp-json\/wp\/v2\/media\/25322"}],"wp:attachment":[{"href":"https:\/\/vkpatriarhat.org\/hu\/wp-json\/wp\/v2\/media?parent=25321"}],"wp:term":[{"taxonomy":"category","embeddable":true,"href":"https:\/\/vkpatriarhat.org\/hu\/wp-json\/wp\/v2\/categories?post=25321"},{"taxonomy":"post_tag","embeddable":true,"href":"https:\/\/vkpatriarhat.org\/hu\/wp-json\/wp\/v2\/tags?post=25321"}],"curies":[{"name":"wp","href":"https:\/\/api.w.org\/{rel}","templated":true}]}}