{"id":25289,"date":"2024-06-05T11:14:26","date_gmt":"2024-06-05T08:14:26","guid":{"rendered":"http:\/\/vkpatriarhat.org\/hu\/?p=25289"},"modified":"2024-06-07T21:33:22","modified_gmt":"2024-06-07T18:33:22","slug":"szlovakia-puspokei","status":"publish","type":"post","link":"https:\/\/vkpatriarhat.org\/hu\/szlovakia-puspokei\/","title":{"rendered":"BKP: Szlov\u00e1kia P\u00fcsp\u00f6kei, m\u00e9g id\u0151ben tartsatok b\u0171nb\u00e1natot!"},"content":{"rendered":"\t\t<div data-elementor-type=\"wp-post\" data-elementor-id=\"25289\" class=\"elementor elementor-25289\" data-elementor-settings=\"[]\">\n\t\t\t\t\t\t\t<div class=\"elementor-section-wrap\">\n\t\t\t\t\t\t\t<section class=\"elementor-section elementor-top-section elementor-element elementor-element-598faeb elementor-section-boxed elementor-section-height-default elementor-section-height-default\" data-id=\"598faeb\" data-element_type=\"section\">\n\t\t\t\t\t\t<div class=\"elementor-container elementor-column-gap-default\">\n\t\t\t\t\t<div class=\"elementor-column elementor-col-100 elementor-top-column elementor-element elementor-element-236de2c9\" data-id=\"236de2c9\" data-element_type=\"column\">\n\t\t\t<div class=\"elementor-widget-wrap elementor-element-populated\">\n\t\t\t\t\t\t\t\t<div class=\"elementor-element elementor-element-38a1a2e2 elementor-widget elementor-widget-text-editor\" data-id=\"38a1a2e2\" data-element_type=\"widget\" data-widget_type=\"text-editor.default\">\n\t\t\t\t<div class=\"elementor-widget-container\">\n\t\t\t\t\t\t\t<p style=\"text-align: justify;\">Szlov\u00e1kia Tisztelt P\u00fcsp\u00f6kei!<\/p><p style=\"text-align: justify;\">Az az ellentmond\u00e1sos egyh\u00e1zi szervezet, amelyet Szlov\u00e1k P\u00fcsp\u00f6ki Konferenci\u00e1nak neveznek, \u00e9l\u00e9n Bober \u00e9rsekkel, d\u00f6nt\u00e9seivel manipul\u00e1lt benneteket, m\u00edglen a <em>Fiducia supplicans<\/em> elfogad\u00e1s\u00e1val a legs\u00falyosabb b\u0171nbe nem sodort benneteket, m\u00e9gpedig az Isten elleni ny\u00edlt l\u00e1zad\u00e1sba! Nyilv\u00e1nosan tagadt\u00e1tok meg Krisztus evang\u00e9lium\u00e1t \u00e9s fogadt\u00e1tok el a szodomita antievang\u00e9liumot, ami\u00e9rt r\u00e1tok, Isten Ig\u00e9je \u00e9rtelm\u00e9ben, a legs\u00falyosabb b\u00fcntet\u00e9s, m\u00e9gpedig anat\u00e9ma \u2013 \u00e1tok \u00e9s a Krisztus egyh\u00e1z\u00e1b\u00f3l val\u00f3 kiz\u00e1r\u00e1s, hullott. Krisztus evang\u00e9liuma az \u00f6r\u00f6k \u00fcdv\u00f6ss\u00e9g sz\u00fcks\u00e9ges felt\u00e9tele, m\u00e1sr\u00e9szt pedig az elutas\u00edt\u00e1sa az \u00f6r\u00f6k elvettet\u00e9s oka. Az a gaztett, amelyet elk\u00f6vettetek, \u00e9s amellyel saj\u00e1t magatokra \u00e9s az eg\u00e9sz szlov\u00e1k nemzetre Isten \u00e1tk\u00e1t vont\u00e1tok, \u00e9ppen a ti sziv\u00e1rv\u00e1ny utatok, amely az egyh\u00e1z sz\u00e1nd\u00e9kosan leplezett, de a New Age s\u00e1t\u00e1ni antiegyh\u00e1zz\u00e1 t\u00f6rt\u00e9n\u0151 val\u00f3s\u00e1gos transzform\u00e1ci\u00f3j\u00e1ban cs\u00facsosodott ki. Ez tov\u00e1bbra is az \u00fan. Szentatya vezet\u00e9se alatt \u00e1ll, aki nyilv\u00e1nosan odaszentelte mag\u00e1t a s\u00e1t\u00e1nnak Kanad\u00e1ban a var\u00e1zsl\u00f3 k\u00f6zrem\u0171k\u00f6d\u00e9s\u00e9vel. A h\u00edv\u0151 katolikusok Szlov\u00e1ki\u00e1ban az egyh\u00e1z ezen b\u0171n\u00f6s transzform\u00e1ci\u00f3j\u00e1r\u00f3l nem is tudnak. \u00c1rul\u00e1s t\u00f6rt\u00e9nt \u00e9s a mi Urunk, J\u00e9zus Krisztus \u00e9s Isten Lelk\u00e9nek megtagad\u00e1sa \u00e9s az antikrisztus lelk\u00e9nek befogad\u00e1sa. A h\u00edv\u0151knek azonban ugyanazok a papjai, ugyanazok a szentmis\u00e9k, a keresztel\u0151k, a szertart\u00e1sok, minden ugyanaz, teh\u00e1t senki nem sejti, hogy mi t\u00f6rt\u00e9nt.<\/p><\/div><\/div><\/div><\/div><\/div><\/section><\/div><\/div><br><a class=\"btn btn-theme post-btn\" href=\"https:\/\/vkpatriarhat.org\/hu\/szlovakia-puspokei\/\">\u0427\u0438\u0442\u0430\u0442\u0438 \u0434\u0430\u043b\u0456<\/a>","protected":false},"excerpt":{"rendered":"<p>Szlov\u00e1kia Tisztelt P\u00fcsp\u00f6kei! Az az ellentmond\u00e1sos egyh\u00e1zi szervezet, amelyet Szlov\u00e1k P\u00fcsp\u00f6ki Konferenci\u00e1nak neveznek, \u00e9l\u00e9n Bober \u00e9rsekkel, d\u00f6nt\u00e9seivel manipul\u00e1lt benneteket, m\u00edglen a Fiducia supplicans elfogad\u00e1s\u00e1val a legs\u00falyosabb b\u0171nbe nem sodort benneteket, m\u00e9gpedig az Isten elleni ny\u00edlt l\u00e1zad\u00e1sba! Nyilv\u00e1nosan tagadt\u00e1tok meg Krisztus evang\u00e9lium\u00e1t \u00e9s fogadt\u00e1tok el a szodomita antievang\u00e9liumot, ami\u00e9rt r\u00e1tok, Isten Ig\u00e9je \u00e9rtelm\u00e9ben, a legs\u00falyosabb b\u00fcntet\u00e9s, [&hellip;]<\/p>\n","protected":false},"author":1,"featured_media":25290,"comment_status":"closed","ping_status":"closed","sticky":false,"template":"","format":"standard","meta":[],"categories":[40],"tags":[],"_links":{"self":[{"href":"https:\/\/vkpatriarhat.org\/hu\/wp-json\/wp\/v2\/posts\/25289"}],"collection":[{"href":"https:\/\/vkpatriarhat.org\/hu\/wp-json\/wp\/v2\/posts"}],"about":[{"href":"https:\/\/vkpatriarhat.org\/hu\/wp-json\/wp\/v2\/types\/post"}],"author":[{"embeddable":true,"href":"https:\/\/vkpatriarhat.org\/hu\/wp-json\/wp\/v2\/users\/1"}],"replies":[{"embeddable":true,"href":"https:\/\/vkpatriarhat.org\/hu\/wp-json\/wp\/v2\/comments?post=25289"}],"version-history":[{"count":5,"href":"https:\/\/vkpatriarhat.org\/hu\/wp-json\/wp\/v2\/posts\/25289\/revisions"}],"predecessor-version":[{"id":25297,"href":"https:\/\/vkpatriarhat.org\/hu\/wp-json\/wp\/v2\/posts\/25289\/revisions\/25297"}],"wp:featuredmedia":[{"embeddable":true,"href":"https:\/\/vkpatriarhat.org\/hu\/wp-json\/wp\/v2\/media\/25290"}],"wp:attachment":[{"href":"https:\/\/vkpatriarhat.org\/hu\/wp-json\/wp\/v2\/media?parent=25289"}],"wp:term":[{"taxonomy":"category","embeddable":true,"href":"https:\/\/vkpatriarhat.org\/hu\/wp-json\/wp\/v2\/categories?post=25289"},{"taxonomy":"post_tag","embeddable":true,"href":"https:\/\/vkpatriarhat.org\/hu\/wp-json\/wp\/v2\/tags?post=25289"}],"curies":[{"name":"wp","href":"https:\/\/api.w.org\/{rel}","templated":true}]}}