{"id":25210,"date":"2024-04-14T19:23:04","date_gmt":"2024-04-14T16:23:04","guid":{"rendered":"http:\/\/vkpatriarhat.org\/hu\/?p=25210"},"modified":"2024-05-17T18:23:02","modified_gmt":"2024-05-17T15:23:02","slug":"konyvenek-kritikaja","status":"publish","type":"post","link":"https:\/\/vkpatriarhat.org\/hu\/konyvenek-kritikaja\/","title":{"rendered":"BKP: Bergoglio Ferenc \u00f6n\u00e9letrajzi k\u00f6nyv\u00e9nek kritik\u00e1ja"},"content":{"rendered":"\t\t<div data-elementor-type=\"wp-post\" data-elementor-id=\"25210\" class=\"elementor elementor-25210\" data-elementor-settings=\"[]\">\n\t\t\t\t\t\t\t<div class=\"elementor-section-wrap\">\n\t\t\t\t\t\t\t<section class=\"elementor-section elementor-top-section elementor-element elementor-element-4c52691e elementor-section-boxed elementor-section-height-default elementor-section-height-default\" data-id=\"4c52691e\" data-element_type=\"section\">\n\t\t\t\t\t\t<div class=\"elementor-container elementor-column-gap-default\">\n\t\t\t\t\t<div class=\"elementor-column elementor-col-100 elementor-top-column elementor-element elementor-element-7b8c9ee0\" data-id=\"7b8c9ee0\" data-element_type=\"column\">\n\t\t\t<div class=\"elementor-widget-wrap elementor-element-populated\">\n\t\t\t\t\t\t\t\t<div class=\"elementor-element elementor-element-7cb01b20 elementor-widget elementor-widget-text-editor\" data-id=\"7cb01b20\" data-element_type=\"widget\" data-widget_type=\"text-editor.default\">\n\t\t\t\t<div class=\"elementor-widget-container\">\n\t\t\t\t\t\t\t<p style=\"text-align: justify;\">A m\u00e9dia k\u00f6z\u00f6lte, hogy 2024. m\u00e1rcius 19-\u00e9n jelenik meg Bergoglio t\u00f6bb, mint 300 oldalas \u00f6n\u00e9letrajzi k\u00f6nyve. Bergoglio eml\u00edt\u00e9st tesz benne lemond\u00e1s\u00e1r\u00f3l is, \u00e9s hangs\u00falyozza, hogy ebben a vonatkoz\u00e1sban egy \u201et\u00e1voli hipot\u00e9zisr\u0151l\u201c van sz\u00f3, mert \u00e1ll\u00edt\u00f3lag nem \u00e1llnak fenn a lemond\u00e1s\u00e1t indokl\u00f3\u00a0 \u201e<em>s\u00falyos okok<\/em>\u201c.<\/p><p style=\"text-align: justify;\">Komment\u00e1r: Bergogliot homoh\u00e1l\u00f3zat\u00e1val egy\u00fctt m\u00e1r 2018-ban lemond\u00e1sra sz\u00f3l\u00edtotta C. M. Vigano, az USA volt nunciusa, m\u00e9gpedig nagyon s\u00falyos okb\u00f3l. R\u00e1ad\u00e1sul t\u00e9ny, hogy pszeudoevang\u00e9lium\u00e1val (v. \u00f6. Gal 1,8-9) Bergoglio saj\u00e1t mag\u00e1t z\u00e1rta ki az egyh\u00e1zb\u00f3l. Ez\u00e9rt nem lehet annak feje az \u00cdr\u00e1s, a Szentaty\u00e1k, az egyh\u00e1z tan\u00edt\u00f3i \u00e9s a hittani konstit\u00faci\u00f3 szerint. Ennek ellen\u00e9re tov\u00e1bbra is t\u00f6rv\u00e9nytelen\u00fcl bitorolja a p\u00e1pai hivatalt.<\/p><\/div><\/div><\/div><\/div><\/div><\/section><\/div><\/div><br><a class=\"btn btn-theme post-btn\" href=\"https:\/\/vkpatriarhat.org\/hu\/konyvenek-kritikaja\/\">\u0427\u0438\u0442\u0430\u0442\u0438 \u0434\u0430\u043b\u0456<\/a>","protected":false},"excerpt":{"rendered":"<p>A m\u00e9dia k\u00f6z\u00f6lte, hogy 2024. m\u00e1rcius 19-\u00e9n jelenik meg Bergoglio t\u00f6bb, mint 300 oldalas \u00f6n\u00e9letrajzi k\u00f6nyve. Bergoglio eml\u00edt\u00e9st tesz benne lemond\u00e1s\u00e1r\u00f3l is, \u00e9s hangs\u00falyozza, hogy ebben a vonatkoz\u00e1sban egy \u201et\u00e1voli hipot\u00e9zisr\u0151l\u201c van sz\u00f3, mert \u00e1ll\u00edt\u00f3lag nem \u00e1llnak fenn a lemond\u00e1s\u00e1t indokl\u00f3\u00a0 \u201es\u00falyos okok\u201c. Komment\u00e1r: Bergogliot homoh\u00e1l\u00f3zat\u00e1val egy\u00fctt m\u00e1r 2018-ban lemond\u00e1sra sz\u00f3l\u00edtotta C. M. Vigano, az [&hellip;]<\/p>\n","protected":false},"author":1,"featured_media":25211,"comment_status":"closed","ping_status":"closed","sticky":false,"template":"","format":"standard","meta":[],"categories":[40],"tags":[],"_links":{"self":[{"href":"https:\/\/vkpatriarhat.org\/hu\/wp-json\/wp\/v2\/posts\/25210"}],"collection":[{"href":"https:\/\/vkpatriarhat.org\/hu\/wp-json\/wp\/v2\/posts"}],"about":[{"href":"https:\/\/vkpatriarhat.org\/hu\/wp-json\/wp\/v2\/types\/post"}],"author":[{"embeddable":true,"href":"https:\/\/vkpatriarhat.org\/hu\/wp-json\/wp\/v2\/users\/1"}],"replies":[{"embeddable":true,"href":"https:\/\/vkpatriarhat.org\/hu\/wp-json\/wp\/v2\/comments?post=25210"}],"version-history":[{"count":6,"href":"https:\/\/vkpatriarhat.org\/hu\/wp-json\/wp\/v2\/posts\/25210\/revisions"}],"predecessor-version":[{"id":25219,"href":"https:\/\/vkpatriarhat.org\/hu\/wp-json\/wp\/v2\/posts\/25210\/revisions\/25219"}],"wp:featuredmedia":[{"embeddable":true,"href":"https:\/\/vkpatriarhat.org\/hu\/wp-json\/wp\/v2\/media\/25211"}],"wp:attachment":[{"href":"https:\/\/vkpatriarhat.org\/hu\/wp-json\/wp\/v2\/media?parent=25210"}],"wp:term":[{"taxonomy":"category","embeddable":true,"href":"https:\/\/vkpatriarhat.org\/hu\/wp-json\/wp\/v2\/categories?post=25210"},{"taxonomy":"post_tag","embeddable":true,"href":"https:\/\/vkpatriarhat.org\/hu\/wp-json\/wp\/v2\/tags?post=25210"}],"curies":[{"name":"wp","href":"https:\/\/api.w.org\/{rel}","templated":true}]}}