{"id":24495,"date":"2023-06-10T20:05:13","date_gmt":"2023-06-10T17:05:13","guid":{"rendered":"http:\/\/vkpatriarhat.org\/hu\/?p=24495"},"modified":"2024-05-17T19:01:06","modified_gmt":"2024-05-17T16:01:06","slug":"az-elet-igeje-mt-7-26-2023-6-11-2023-6-25","status":"publish","type":"post","link":"https:\/\/vkpatriarhat.org\/hu\/az-elet-igeje-mt-7-26-2023-6-11-2023-6-25\/","title":{"rendered":"Az Elet Igeje \u2013 Mt 7, 26 (2023.6.11. \u2013 2023.6.25.)"},"content":{"rendered":"\t\t<div data-elementor-type=\"wp-post\" data-elementor-id=\"24495\" class=\"elementor elementor-24495\" data-elementor-settings=\"[]\">\n\t\t\t\t\t\t\t<div class=\"elementor-section-wrap\">\n\t\t\t\t\t\t\t<section class=\"elementor-section elementor-top-section elementor-element elementor-element-32600d37 elementor-section-boxed elementor-section-height-default elementor-section-height-default\" data-id=\"32600d37\" data-element_type=\"section\">\n\t\t\t\t\t\t<div class=\"elementor-container elementor-column-gap-default\">\n\t\t\t\t\t<div class=\"elementor-column elementor-col-100 elementor-top-column elementor-element elementor-element-2fb1a106\" data-id=\"2fb1a106\" data-element_type=\"column\">\n\t\t\t<div class=\"elementor-widget-wrap elementor-element-populated\">\n\t\t\t\t\t\t\t\t<div class=\"elementor-element elementor-element-7f9c257b elementor-widget elementor-widget-text-editor\" data-id=\"7f9c257b\" data-element_type=\"widget\" data-widget_type=\"text-editor.default\">\n\t\t\t\t<div class=\"elementor-widget-container\">\n\t\t\t\t\t\t\t<h4 style=\"text-align: center;\"><em><span style=\"color: #000080;\"><strong>\u201cValaki az\u00e9rt hallja \u00e9n t\u00f4lem e besz\u00e9deket, <\/strong><\/span><\/em><\/h4><h4 style=\"text-align: center;\"><em><span style=\"color: #000080;\"><strong>\u00e9s megcselekszi azokat, hasonl\u00edtom azt a b\u00f6lcs emberhez, <\/strong><\/span><\/em><\/h4><h4 style=\"text-align: center;\"><em><span style=\"color: #000080;\"><strong>a ki a k\u00f4szikl\u00e1ra \u00e9p\u00edtette az \u00f4 h\u00e1z\u00e1t.\u201d<\/strong><\/span><\/em> <\/h4><\/div><\/div><\/div><\/div><\/div><\/section><\/div><\/div><br><a class=\"btn btn-theme post-btn\" href=\"https:\/\/vkpatriarhat.org\/hu\/az-elet-igeje-mt-7-26-2023-6-11-2023-6-25\/\">\u0427\u0438\u0442\u0430\u0442\u0438 \u0434\u0430\u043b\u0456<\/a>","protected":false},"excerpt":{"rendered":"<p>\u201cValaki az\u00e9rt hallja \u00e9n t\u00f4lem e besz\u00e9deket, \u00e9s megcselekszi azokat, hasonl\u00edtom azt a b\u00f6lcs emberhez, a ki a k\u00f4szikl\u00e1ra \u00e9p\u00edtette az \u00f4 h\u00e1z\u00e1t.\u201d<\/p>\n","protected":false},"author":1,"featured_media":24496,"comment_status":"closed","ping_status":"closed","sticky":false,"template":"","format":"standard","meta":[],"categories":[90],"tags":[],"_links":{"self":[{"href":"https:\/\/vkpatriarhat.org\/hu\/wp-json\/wp\/v2\/posts\/24495"}],"collection":[{"href":"https:\/\/vkpatriarhat.org\/hu\/wp-json\/wp\/v2\/posts"}],"about":[{"href":"https:\/\/vkpatriarhat.org\/hu\/wp-json\/wp\/v2\/types\/post"}],"author":[{"embeddable":true,"href":"https:\/\/vkpatriarhat.org\/hu\/wp-json\/wp\/v2\/users\/1"}],"replies":[{"embeddable":true,"href":"https:\/\/vkpatriarhat.org\/hu\/wp-json\/wp\/v2\/comments?post=24495"}],"version-history":[{"count":9,"href":"https:\/\/vkpatriarhat.org\/hu\/wp-json\/wp\/v2\/posts\/24495\/revisions"}],"predecessor-version":[{"id":24525,"href":"https:\/\/vkpatriarhat.org\/hu\/wp-json\/wp\/v2\/posts\/24495\/revisions\/24525"}],"wp:featuredmedia":[{"embeddable":true,"href":"https:\/\/vkpatriarhat.org\/hu\/wp-json\/wp\/v2\/media\/24496"}],"wp:attachment":[{"href":"https:\/\/vkpatriarhat.org\/hu\/wp-json\/wp\/v2\/media?parent=24495"}],"wp:term":[{"taxonomy":"category","embeddable":true,"href":"https:\/\/vkpatriarhat.org\/hu\/wp-json\/wp\/v2\/categories?post=24495"},{"taxonomy":"post_tag","embeddable":true,"href":"https:\/\/vkpatriarhat.org\/hu\/wp-json\/wp\/v2\/tags?post=24495"}],"curies":[{"name":"wp","href":"https:\/\/api.w.org\/{rel}","templated":true}]}}