{"id":23690,"date":"2022-09-16T20:30:05","date_gmt":"2022-09-16T17:30:05","guid":{"rendered":"http:\/\/vkpatriarhat.org\/hu\/?p=23690"},"modified":"2024-12-08T23:35:49","modified_gmt":"2024-12-08T20:35:49","slug":"mit-szol-isten","status":"publish","type":"post","link":"https:\/\/vkpatriarhat.org\/hu\/mit-szol-isten\/","title":{"rendered":"BKP: Mit sz\u00f3l Isten a szod\u00f3mi\u00e1hoz \u00e9s a transzszexualizmushoz?"},"content":{"rendered":"\t\t<div data-elementor-type=\"wp-post\" data-elementor-id=\"23690\" class=\"elementor elementor-23690\" data-elementor-settings=\"[]\">\n\t\t\t\t\t\t\t<div class=\"elementor-section-wrap\">\n\t\t\t\t\t\t\t<section class=\"elementor-section elementor-top-section elementor-element elementor-element-571f02c1 elementor-section-boxed elementor-section-height-default elementor-section-height-default\" data-id=\"571f02c1\" data-element_type=\"section\">\n\t\t\t\t\t\t<div class=\"elementor-container elementor-column-gap-default\">\n\t\t\t\t\t<div class=\"elementor-column elementor-col-100 elementor-top-column elementor-element elementor-element-7c42893f\" data-id=\"7c42893f\" data-element_type=\"column\">\n\t\t\t<div class=\"elementor-widget-wrap elementor-element-populated\">\n\t\t\t\t\t\t\t\t<div class=\"elementor-element elementor-element-3b733a3f elementor-widget elementor-widget-text-editor\" data-id=\"3b733a3f\" data-element_type=\"widget\" data-widget_type=\"text-editor.default\">\n\t\t\t\t<div class=\"elementor-widget-container\">\n\t\t\t\t\t\t\t<p style=\"text-align: justify;\">Isten \u00e1ll\u00e1spontja ma egyenesen ellent\u00e9tes sz\u00e1mos egyh\u00e1zi prel\u00e1tus \u00e1ll\u00e1spontj\u00e1val. Dieser n\u00e9met p\u00fcsp\u00f6k nyilv\u00e1nosan kijelentette, hogy: <em>\u201eA homoszexualit\u00e1s nem b\u0171n. A homoszexualit\u00e1s nem Isten t\u00e9ved\u00e9se, hanem Isten \u00e1ltal ugyan\u00fagy akart, mint maga a teremt\u00e9s: \u201aL\u00e1tta (Isten), hogy ez j\u00f3\u2018, ahogyan olvassuk a teremt\u00e9st\u00f6rt\u00e9netben.\u201c <\/em>Dieser eme bibliamagyar\u00e1zata durva hazugs\u00e1g! A homoszexualit\u00e1s b\u0171n, ez\u00e9rt semmi esetre sem Isten \u00e1ltal akart. Isten nem teremtette, f\u00f6rtelmess\u00e9gnek nevezi \u00e9s megb\u00fcntette \u00e9rte Szodom\u00e1t \u00e9s Gomor\u00e1t.<\/p>\n\n<div style=\"text-align: center;\">\n\n<script>!function(r,u,m,b,l,e){r._Rumble=b,r[b]||(r[b]=function(){(r[b]._=r[b]._||[]).push(arguments);if(r[b]._.length==1){l=u.createElement(m),e=u.getElementsByTagName(m)[0],l.async=1,l.src=\"https:\/\/rumble.com\/embedJS\/uf1ws9\"+(arguments[1].video?'.'+arguments[1].video:'')+\"\/?url=\"+encodeURIComponent(location.href)+\"&args=\"+encodeURIComponent(JSON.stringify([].slice.apply(arguments))),e.parentNode.insertBefore(l,e)}})}(window, document, \"script\", \"Rumble\");<\/script>\n<div id=\"rumble_v1hpu5j\"><\/div>\n<script>\nRumble(\"play\", {\"video\":\"v1hpu5j\",\"div\":\"rumble_v1hpu5j\"});<\/script>\n\n<\/div>\n<p style=\"text-align: center;\"><em><strong><span style=\"color: #140101;\">Ezt a vide\u00f3t megn\u00e9zheted itt is:<\/span> <\/strong><\/em><span style=\"color: #800000;\"><em><strong><a href=\"https:\/\/rumble.com\/v1kc027-mit-szl-isten.html\">https:\/\/rumble.com\/v1kc027-mit-szl-isten.html<\/a>\u00a0 \u00a0<\/strong><\/em><\/span>\n<span style=\"color: #800000;\"><em><strong><a href=\"https:\/\/ugetube.com\/watch\/oeYrPHArBWCNezG\">https:\/\/ugetube.com\/watch\/oeYrPHArBWCNezG<\/a>\u00a0 \u00a0<\/strong><\/em><\/span>\n<span style=\"color: #800000;\"><em><strong><a href=\"https:\/\/cos.tv\/videos\/play\/39011512708273152\">https:\/\/cos.tv\/videos\/play\/39011512708273152<\/a>\u00a0 \u00a0<\/strong><\/em><\/span>\n<span style=\"color: #800000;\"><em><strong><a href=\"https:\/\/www.bitchute.com\/video\/0CqtUYYUJZ7c\/\">https:\/\/www.bitchute.com\/video\/0CqtUYYUJZ7c\/<\/a> \u00a0<\/strong><\/em><\/span><\/p>\n<\/div><\/div><\/div><\/div><\/div><\/section><\/div><\/div><br><a class=\"btn btn-theme post-btn\" href=\"https:\/\/vkpatriarhat.org\/hu\/mit-szol-isten\/\">\u0427\u0438\u0442\u0430\u0442\u0438 \u0434\u0430\u043b\u0456<\/a>","protected":false},"excerpt":{"rendered":"<p>Isten \u00e1ll\u00e1spontja ma egyenesen ellent\u00e9tes sz\u00e1mos egyh\u00e1zi prel\u00e1tus \u00e1ll\u00e1spontj\u00e1val. Dieser n\u00e9met p\u00fcsp\u00f6k nyilv\u00e1nosan kijelentette, hogy: \u201eA homoszexualit\u00e1s nem b\u0171n. A homoszexualit\u00e1s nem Isten t\u00e9ved\u00e9se, hanem Isten \u00e1ltal ugyan\u00fagy akart, mint maga a teremt\u00e9s: \u201aL\u00e1tta (Isten), hogy ez j\u00f3\u2018, ahogyan olvassuk a teremt\u00e9st\u00f6rt\u00e9netben.\u201c Dieser eme bibliamagyar\u00e1zata durva hazugs\u00e1g! A homoszexualit\u00e1s b\u0171n, ez\u00e9rt semmi esetre sem Isten [&hellip;]<\/p>\n","protected":false},"author":1,"featured_media":23693,"comment_status":"closed","ping_status":"closed","sticky":false,"template":"","format":"standard","meta":[],"categories":[40],"tags":[],"_links":{"self":[{"href":"https:\/\/vkpatriarhat.org\/hu\/wp-json\/wp\/v2\/posts\/23690"}],"collection":[{"href":"https:\/\/vkpatriarhat.org\/hu\/wp-json\/wp\/v2\/posts"}],"about":[{"href":"https:\/\/vkpatriarhat.org\/hu\/wp-json\/wp\/v2\/types\/post"}],"author":[{"embeddable":true,"href":"https:\/\/vkpatriarhat.org\/hu\/wp-json\/wp\/v2\/users\/1"}],"replies":[{"embeddable":true,"href":"https:\/\/vkpatriarhat.org\/hu\/wp-json\/wp\/v2\/comments?post=23690"}],"version-history":[{"count":12,"href":"https:\/\/vkpatriarhat.org\/hu\/wp-json\/wp\/v2\/posts\/23690\/revisions"}],"predecessor-version":[{"id":26028,"href":"https:\/\/vkpatriarhat.org\/hu\/wp-json\/wp\/v2\/posts\/23690\/revisions\/26028"}],"wp:featuredmedia":[{"embeddable":true,"href":"https:\/\/vkpatriarhat.org\/hu\/wp-json\/wp\/v2\/media\/23693"}],"wp:attachment":[{"href":"https:\/\/vkpatriarhat.org\/hu\/wp-json\/wp\/v2\/media?parent=23690"}],"wp:term":[{"taxonomy":"category","embeddable":true,"href":"https:\/\/vkpatriarhat.org\/hu\/wp-json\/wp\/v2\/categories?post=23690"},{"taxonomy":"post_tag","embeddable":true,"href":"https:\/\/vkpatriarhat.org\/hu\/wp-json\/wp\/v2\/tags?post=23690"}],"curies":[{"name":"wp","href":"https:\/\/api.w.org\/{rel}","templated":true}]}}