{"id":23680,"date":"2022-09-15T22:32:31","date_gmt":"2022-09-15T19:32:31","guid":{"rendered":"http:\/\/vkpatriarhat.org\/hu\/?p=23680"},"modified":"2024-05-17T17:52:50","modified_gmt":"2024-05-17T14:52:50","slug":"bkp-mi-a-celja-bergoglio-ferenc-kazahsztani-reszvetelenek","status":"publish","type":"post","link":"https:\/\/vkpatriarhat.org\/hu\/bkp-mi-a-celja-bergoglio-ferenc-kazahsztani-reszvetelenek\/","title":{"rendered":"BKP: Mi a c\u00e9lja Bergoglio Ferenc kazahszt\u00e1ni r\u00e9szv\u00e9tel\u00e9nek?"},"content":{"rendered":"\t\t<div data-elementor-type=\"wp-post\" data-elementor-id=\"23680\" class=\"elementor elementor-23680\" data-elementor-settings=\"[]\">\n\t\t\t\t\t\t\t<div class=\"elementor-section-wrap\">\n\t\t\t\t\t\t\t<section class=\"elementor-section elementor-top-section elementor-element elementor-element-3e1b3727 elementor-section-boxed elementor-section-height-default elementor-section-height-default\" data-id=\"3e1b3727\" data-element_type=\"section\">\n\t\t\t\t\t\t<div class=\"elementor-container elementor-column-gap-default\">\n\t\t\t\t\t<div class=\"elementor-column elementor-col-100 elementor-top-column elementor-element elementor-element-6593e579\" data-id=\"6593e579\" data-element_type=\"column\">\n\t\t\t<div class=\"elementor-widget-wrap elementor-element-populated\">\n\t\t\t\t\t\t\t\t<div class=\"elementor-element elementor-element-6817a30d elementor-widget elementor-widget-text-editor\" data-id=\"6817a30d\" data-element_type=\"widget\" data-widget_type=\"text-editor.default\">\n\t\t\t\t<div class=\"elementor-widget-container\">\n\t\t\t\t\t\t\t<p style=\"text-align: justify;\">Minek az egyh\u00e1znak a p\u00e1pas\u00e1g? Isten c\u00e9lja a hit \u00e9s az erk\u00f6lcs alapjainak v\u00e9delme. Amennyiben a p\u00e1pa \u00e9s a p\u00e1pas\u00e1g ennek ellenkez\u0151j\u00e9t cselekszi, ez az egyh\u00e1z \u00f6ngyilkoss\u00e1ga. Ma ennek a lelki \u00f6ngyilkoss\u00e1gnak vagyunk a tan\u00fai.<\/p><\/div><\/div><\/div><\/div><\/div><\/section><\/div><\/div><br><a class=\"btn btn-theme post-btn\" href=\"https:\/\/vkpatriarhat.org\/hu\/bkp-mi-a-celja-bergoglio-ferenc-kazahsztani-reszvetelenek\/\">\u0427\u0438\u0442\u0430\u0442\u0438 \u0434\u0430\u043b\u0456<\/a>","protected":false},"excerpt":{"rendered":"<p>Minek az egyh\u00e1znak a p\u00e1pas\u00e1g? Isten c\u00e9lja a hit \u00e9s az erk\u00f6lcs alapjainak v\u00e9delme. Amennyiben a p\u00e1pa \u00e9s a p\u00e1pas\u00e1g ennek ellenkez\u0151j\u00e9t cselekszi, ez az egyh\u00e1z \u00f6ngyilkoss\u00e1ga. Ma ennek a lelki \u00f6ngyilkoss\u00e1gnak vagyunk a tan\u00fai.<\/p>\n","protected":false},"author":1,"featured_media":23681,"comment_status":"closed","ping_status":"closed","sticky":false,"template":"","format":"standard","meta":[],"categories":[40],"tags":[],"_links":{"self":[{"href":"https:\/\/vkpatriarhat.org\/hu\/wp-json\/wp\/v2\/posts\/23680"}],"collection":[{"href":"https:\/\/vkpatriarhat.org\/hu\/wp-json\/wp\/v2\/posts"}],"about":[{"href":"https:\/\/vkpatriarhat.org\/hu\/wp-json\/wp\/v2\/types\/post"}],"author":[{"embeddable":true,"href":"https:\/\/vkpatriarhat.org\/hu\/wp-json\/wp\/v2\/users\/1"}],"replies":[{"embeddable":true,"href":"https:\/\/vkpatriarhat.org\/hu\/wp-json\/wp\/v2\/comments?post=23680"}],"version-history":[{"count":6,"href":"https:\/\/vkpatriarhat.org\/hu\/wp-json\/wp\/v2\/posts\/23680\/revisions"}],"predecessor-version":[{"id":23689,"href":"https:\/\/vkpatriarhat.org\/hu\/wp-json\/wp\/v2\/posts\/23680\/revisions\/23689"}],"wp:featuredmedia":[{"embeddable":true,"href":"https:\/\/vkpatriarhat.org\/hu\/wp-json\/wp\/v2\/media\/23681"}],"wp:attachment":[{"href":"https:\/\/vkpatriarhat.org\/hu\/wp-json\/wp\/v2\/media?parent=23680"}],"wp:term":[{"taxonomy":"category","embeddable":true,"href":"https:\/\/vkpatriarhat.org\/hu\/wp-json\/wp\/v2\/categories?post=23680"},{"taxonomy":"post_tag","embeddable":true,"href":"https:\/\/vkpatriarhat.org\/hu\/wp-json\/wp\/v2\/tags?post=23680"}],"curies":[{"name":"wp","href":"https:\/\/api.w.org\/{rel}","templated":true}]}}