{"id":23652,"date":"2022-09-10T23:19:27","date_gmt":"2022-09-10T20:19:27","guid":{"rendered":"http:\/\/vkpatriarhat.org\/hu\/?p=23652"},"modified":"2024-12-08T23:39:00","modified_gmt":"2024-12-08T20:39:00","slug":"kazahsztanban-1-resz","status":"publish","type":"post","link":"https:\/\/vkpatriarhat.org\/hu\/kazahsztanban-1-resz\/","title":{"rendered":"BKP: A Vil\u00e1g- \u00e9s a Tradicion\u00e1lis Vall\u00e1sok Vezet\u0151inek VII. Kongresszusa Kazahszt\u00e1nban; Tegy\u00e9k kez\u00fcket a sz\u00edv\u00fckre! \/1.r\u00e9sz: A kereszt\u00e9nys\u00e9g l\u00e9nyege\/"},"content":{"rendered":"\t\t<div data-elementor-type=\"wp-post\" data-elementor-id=\"23652\" class=\"elementor elementor-23652\" data-elementor-settings=\"[]\">\n\t\t\t\t\t\t\t<div class=\"elementor-section-wrap\">\n\t\t\t\t\t\t\t<section class=\"elementor-section elementor-top-section elementor-element elementor-element-308d2b8f elementor-section-boxed elementor-section-height-default elementor-section-height-default\" data-id=\"308d2b8f\" data-element_type=\"section\">\n\t\t\t\t\t\t<div class=\"elementor-container elementor-column-gap-default\">\n\t\t\t\t\t<div class=\"elementor-column elementor-col-100 elementor-top-column elementor-element elementor-element-3909ada3\" data-id=\"3909ada3\" data-element_type=\"column\">\n\t\t\t<div class=\"elementor-widget-wrap elementor-element-populated\">\n\t\t\t\t\t\t\t\t<div class=\"elementor-element elementor-element-58f35c4f elementor-widget elementor-widget-text-editor\" data-id=\"58f35c4f\" data-element_type=\"widget\" data-widget_type=\"text-editor.default\">\n\t\t\t\t<div class=\"elementor-widget-container\">\n\t\t\t\t\t\t\t<p style=\"text-align: justify;\">Az \u00fan. vil\u00e1gvall\u00e1sok VII. kongresszus\u00e1nak tisztelt r\u00e9sztvev\u0151i!<\/p><p style=\"text-align: justify;\">Sz\u00e1mos kereszt\u00e9ny \u00e9s nem kereszt\u00e9ny teszi fel a k\u00e9rd\u00e9st: Mi \u00e9rtelme van egy ilyen tal\u00e1lkoz\u00f3nak? Amikor tal\u00e1lkoztok, term\u00e9szetesnek t\u0171nik, hogy mindenki r\u00f6viden kifejezi hite l\u00e9nyeg\u00e9t. Az id\u00e9n ezen a tal\u00e1lkoz\u00f3n r\u00e9szt vesz az \u00e9rv\u00e9nytelen p\u00e1pa, Bergoglio Ferenc is, aki antievang\u00e9liuma miatt (Gal 1,8-9) kiz\u00e1rta mag\u00e1t a katolikus egyh\u00e1zb\u00f3l, ez\u00e9rt nem lehet annak val\u00f3s\u00e1gos feje. Ez\u00e9rt mi, igazhit\u0171 katolikusok, \u00d6n\u00f6knek, a tal\u00e1lkoz\u00f3 minden r\u00e9sztvev\u0151j\u00e9nek, helyette bemutatjuk a kereszt\u00e9nys\u00e9g legalapvet\u0151bb igazs\u00e1gait.<\/p><div style=\"text-align: center;\"><p><script>!function(r,u,m,b,l,e){r._Rumble=b,r[b]||(r[b]=function(){(r[b]._=r[b]._||[]).push(arguments);if(r[b]._.length==1){l=u.createElement(m),e=u.getElementsByTagName(m)[0],l.async=1,l.src=\"https:\/\/rumble.com\/embedJS\/uf1ws9\"+(arguments[1].video?'.'+arguments[1].video:'')+\"\/?url=\"+encodeURIComponent(location.href)+\"&args=\"+encodeURIComponent(JSON.stringify([].slice.apply(arguments))),e.parentNode.insertBefore(l,e)}})}(window, document, \"script\", \"Rumble\");<\/script><\/p><div id=\"rumble_v1gxb9v\">\u00a0<\/div><p><script>\nRumble(\"play\", {\"video\":\"v1gxb9v\",\"div\":\"rumble_v1gxb9v\"});<\/script><\/p><\/div><p style=\"text-align: center;\"><em><strong><span style=\"color: #170101;\">Ezt a vide\u00f3t megn\u00e9zheted itt is:<\/span> <\/strong><\/em><span style=\"color: #800000;\"><em><strong><a href=\"https:\/\/rumble.com\/v1jjh55-kazahsztnban.html\">https:\/\/rumble.com\/v1jjh55-kazahsztnban.html<\/a>\u00a0\u00a0<\/strong><\/em><\/span><br \/><span style=\"color: #800000;\"><em><strong><a href=\"https:\/\/ugetube.com\/watch\/L3vwCk67s1qPIcP\">https:\/\/ugetube.com\/watch\/L3vwCk67s1qPIcP<\/a>\u00a0\u00a0<\/strong><\/em><\/span><br \/><span style=\"color: #800000;\"><em><strong><a href=\"https:\/\/cos.tv\/videos\/play\/38878136447046656\">https:\/\/cos.tv\/videos\/play\/38878136447046656<\/a>\u00a0\u00a0<\/strong><\/em><\/span><br \/><span style=\"color: #800000;\"><em><strong><a href=\"https:\/\/www.bitchute.com\/video\/jYb4CxPvDE8H\/\">https:\/\/www.bitchute.com\/video\/jYb4CxPvDE8H\/<\/a>\u00a0<\/strong><\/em><\/span><\/p><p><\/p><\/div><\/div><\/div><\/div><\/div><\/section><\/div><\/div><br><a class=\"btn btn-theme post-btn\" href=\"https:\/\/vkpatriarhat.org\/hu\/kazahsztanban-1-resz\/\">\u0427\u0438\u0442\u0430\u0442\u0438 \u0434\u0430\u043b\u0456<\/a>","protected":false},"excerpt":{"rendered":"<p>Az \u00fan. vil\u00e1gvall\u00e1sok VII. kongresszus\u00e1nak tisztelt r\u00e9sztvev\u0151i! Sz\u00e1mos kereszt\u00e9ny \u00e9s nem kereszt\u00e9ny teszi fel a k\u00e9rd\u00e9st: Mi \u00e9rtelme van egy ilyen tal\u00e1lkoz\u00f3nak? Amikor tal\u00e1lkoztok, term\u00e9szetesnek t\u0171nik, hogy mindenki r\u00f6viden kifejezi hite l\u00e9nyeg\u00e9t. Az id\u00e9n ezen a tal\u00e1lkoz\u00f3n r\u00e9szt vesz az \u00e9rv\u00e9nytelen p\u00e1pa, Bergoglio Ferenc is, aki antievang\u00e9liuma miatt (Gal 1,8-9) kiz\u00e1rta mag\u00e1t a katolikus egyh\u00e1zb\u00f3l, [&hellip;]<\/p>\n","protected":false},"author":1,"featured_media":23653,"comment_status":"closed","ping_status":"closed","sticky":false,"template":"","format":"standard","meta":[],"categories":[40],"tags":[],"_links":{"self":[{"href":"https:\/\/vkpatriarhat.org\/hu\/wp-json\/wp\/v2\/posts\/23652"}],"collection":[{"href":"https:\/\/vkpatriarhat.org\/hu\/wp-json\/wp\/v2\/posts"}],"about":[{"href":"https:\/\/vkpatriarhat.org\/hu\/wp-json\/wp\/v2\/types\/post"}],"author":[{"embeddable":true,"href":"https:\/\/vkpatriarhat.org\/hu\/wp-json\/wp\/v2\/users\/1"}],"replies":[{"embeddable":true,"href":"https:\/\/vkpatriarhat.org\/hu\/wp-json\/wp\/v2\/comments?post=23652"}],"version-history":[{"count":13,"href":"https:\/\/vkpatriarhat.org\/hu\/wp-json\/wp\/v2\/posts\/23652\/revisions"}],"predecessor-version":[{"id":26035,"href":"https:\/\/vkpatriarhat.org\/hu\/wp-json\/wp\/v2\/posts\/23652\/revisions\/26035"}],"wp:featuredmedia":[{"embeddable":true,"href":"https:\/\/vkpatriarhat.org\/hu\/wp-json\/wp\/v2\/media\/23653"}],"wp:attachment":[{"href":"https:\/\/vkpatriarhat.org\/hu\/wp-json\/wp\/v2\/media?parent=23652"}],"wp:term":[{"taxonomy":"category","embeddable":true,"href":"https:\/\/vkpatriarhat.org\/hu\/wp-json\/wp\/v2\/categories?post=23652"},{"taxonomy":"post_tag","embeddable":true,"href":"https:\/\/vkpatriarhat.org\/hu\/wp-json\/wp\/v2\/tags?post=23652"}],"curies":[{"name":"wp","href":"https:\/\/api.w.org\/{rel}","templated":true}]}}