{"id":23641,"date":"2022-09-10T10:43:05","date_gmt":"2022-09-10T07:43:05","guid":{"rendered":"http:\/\/vkpatriarhat.org\/hu\/?p=23641"},"modified":"2024-05-17T17:52:50","modified_gmt":"2024-05-17T14:52:50","slug":"ferenc-papa-kazahsztanba","status":"publish","type":"post","link":"https:\/\/vkpatriarhat.org\/hu\/ferenc-papa-kazahsztanba\/","title":{"rendered":"BKP: Az aposztata Ferenc p\u00e1pa Kazahszt\u00e1nba megy  A New Age antiegyh\u00e1zba val\u00f3 \u00e1tmenet k\u00f6vetkez\u0151 l\u00e9p\u00e9se"},"content":{"rendered":"\t\t<div data-elementor-type=\"wp-post\" data-elementor-id=\"23641\" class=\"elementor elementor-23641\" data-elementor-settings=\"[]\">\n\t\t\t\t\t\t\t<div class=\"elementor-section-wrap\">\n\t\t\t\t\t\t\t<section class=\"elementor-section elementor-top-section elementor-element elementor-element-565d2bd5 elementor-section-boxed elementor-section-height-default elementor-section-height-default\" data-id=\"565d2bd5\" data-element_type=\"section\">\n\t\t\t\t\t\t<div class=\"elementor-container elementor-column-gap-default\">\n\t\t\t\t\t<div class=\"elementor-column elementor-col-100 elementor-top-column elementor-element elementor-element-416eb8b0\" data-id=\"416eb8b0\" data-element_type=\"column\">\n\t\t\t<div class=\"elementor-widget-wrap elementor-element-populated\">\n\t\t\t\t\t\t\t\t<div class=\"elementor-element elementor-element-2a838297 elementor-widget elementor-widget-text-editor\" data-id=\"2a838297\" data-element_type=\"widget\" data-widget_type=\"text-editor.default\">\n\t\t\t\t<div class=\"elementor-widget-container\">\n\t\t\t\t\t\t\t<p style=\"text-align: justify;\">2022. szeptember 3-15-\u00e9n az aposztata p\u00e1pa r\u00e9szt vesz a pog\u00e1ny vezet\u0151kkel tartott kongreszuson.<\/p><p style=\"text-align: justify;\"><em>\u201e\u2026leborultak a b\u00e1lv\u00e1nyszobor el\u0151tt, felcser\u00e9lt\u00e9k dics\u0151s\u00e9ges Isten\u00fcket n\u00fcv\u00e9nyev\u0151 bika k\u00e9pm\u00e1s\u00e1val. Megfeledkeztek szabad\u00edt\u00f3 Isten\u00fckr\u0151l.\u201c<\/em>(Zsolt 106,19-21) Nemcsak akkor, hanem ma is a hierarchia legfels\u0151bb szintj\u00e9n \u00e1ll\u00f3k, \u00e9l\u00fck\u00f6n Bergoglio \u00e1lp\u00e1p\u00e1val, pog\u00e1ny b\u00e1lv\u00e1nyoknak h\u00f3dolnak. Az \u00fan. \u00f6kol\u00f3giai konverzi\u00f3t szorgalmazz\u00e1k, ami l\u00e9nyeg\u00e9t tekintve a helyi d\u00e9monok fel\u00e9 fordul\u00e1s \u00e9s a vel\u00fck val\u00f3 egyes\u00fcl\u00e9s. Balga m\u00f3don felcser\u00e9lik dics\u0151s\u00e9g\u00fcket, ami Isten Fi\u00e1ban, J\u00e9zus Krisztusban van, a pog\u00e1ny b\u00e1lv\u00e1nyok hasonl\u00f3s\u00e1g\u00e1ra, mint amilyen Pachamama d\u00e9mon is. Mai napig Bol\u00edvi\u00e1ban \u00e9s D\u00e9l-Amerika m\u00e1s orsz\u00e1gaiban is \u00e1ldozatokkal tisztelik Pachamama d\u00e9mont, p\u00e9ld\u00e1ul a h\u00e1z\u00e9p\u00edt\u00e9sn\u00e9l. Ha kis h\u00e1zr\u00f3l van sz\u00f3, Pachamama megel\u00e9gszik a l\u00e1ma kicsiny\u00e9vel, ha azonban nagy h\u00e1zr\u00f3l van sz\u00f3, a s\u00e1m\u00e1n k\u00e1b\u00edt\u00f3 itallal itatja meg vagy a tapasztalatlan idegent, vagy m\u00e1s emberi \u00e1ldozatot, \u00e9s azt\u00e1n \u00e9lve betemetik az alapba. Ugyanez a gyakorlat Tibetben is, amikor a buddhista szerzetesek a kolostorukat \u00e9p\u00edtik.<\/p><\/div><\/div><\/div><\/div><\/div><\/section><\/div><\/div><br><a class=\"btn btn-theme post-btn\" href=\"https:\/\/vkpatriarhat.org\/hu\/ferenc-papa-kazahsztanba\/\">\u0427\u0438\u0442\u0430\u0442\u0438 \u0434\u0430\u043b\u0456<\/a>","protected":false},"excerpt":{"rendered":"<p>2022. szeptember 3-15-\u00e9n az aposztata p\u00e1pa r\u00e9szt vesz a pog\u00e1ny vezet\u0151kkel tartott kongreszuson. \u201e\u2026leborultak a b\u00e1lv\u00e1nyszobor el\u0151tt, felcser\u00e9lt\u00e9k dics\u0151s\u00e9ges Isten\u00fcket n\u00fcv\u00e9nyev\u0151 bika k\u00e9pm\u00e1s\u00e1val. Megfeledkeztek szabad\u00edt\u00f3 Isten\u00fckr\u0151l.\u201c(Zsolt 106,19-21) Nemcsak akkor, hanem ma is a hierarchia legfels\u0151bb szintj\u00e9n \u00e1ll\u00f3k, \u00e9l\u00fck\u00f6n Bergoglio \u00e1lp\u00e1p\u00e1val, pog\u00e1ny b\u00e1lv\u00e1nyoknak h\u00f3dolnak. Az \u00fan. \u00f6kol\u00f3giai konverzi\u00f3t szorgalmazz\u00e1k, ami l\u00e9nyeg\u00e9t tekintve a helyi d\u00e9monok fel\u00e9 [&hellip;]<\/p>\n","protected":false},"author":1,"featured_media":23642,"comment_status":"closed","ping_status":"closed","sticky":false,"template":"","format":"standard","meta":[],"categories":[40],"tags":[],"_links":{"self":[{"href":"https:\/\/vkpatriarhat.org\/hu\/wp-json\/wp\/v2\/posts\/23641"}],"collection":[{"href":"https:\/\/vkpatriarhat.org\/hu\/wp-json\/wp\/v2\/posts"}],"about":[{"href":"https:\/\/vkpatriarhat.org\/hu\/wp-json\/wp\/v2\/types\/post"}],"author":[{"embeddable":true,"href":"https:\/\/vkpatriarhat.org\/hu\/wp-json\/wp\/v2\/users\/1"}],"replies":[{"embeddable":true,"href":"https:\/\/vkpatriarhat.org\/hu\/wp-json\/wp\/v2\/comments?post=23641"}],"version-history":[{"count":7,"href":"https:\/\/vkpatriarhat.org\/hu\/wp-json\/wp\/v2\/posts\/23641\/revisions"}],"predecessor-version":[{"id":23651,"href":"https:\/\/vkpatriarhat.org\/hu\/wp-json\/wp\/v2\/posts\/23641\/revisions\/23651"}],"wp:featuredmedia":[{"embeddable":true,"href":"https:\/\/vkpatriarhat.org\/hu\/wp-json\/wp\/v2\/media\/23642"}],"wp:attachment":[{"href":"https:\/\/vkpatriarhat.org\/hu\/wp-json\/wp\/v2\/media?parent=23641"}],"wp:term":[{"taxonomy":"category","embeddable":true,"href":"https:\/\/vkpatriarhat.org\/hu\/wp-json\/wp\/v2\/categories?post=23641"},{"taxonomy":"post_tag","embeddable":true,"href":"https:\/\/vkpatriarhat.org\/hu\/wp-json\/wp\/v2\/tags?post=23641"}],"curies":[{"name":"wp","href":"https:\/\/api.w.org\/{rel}","templated":true}]}}