{"id":23566,"date":"2022-08-22T13:52:01","date_gmt":"2022-08-22T10:52:01","guid":{"rendered":"http:\/\/vkpatriarhat.org\/hu\/?p=23566"},"modified":"2024-05-17T17:52:50","modified_gmt":"2024-05-17T14:52:50","slug":"demonok-segitsegul-hivasat-kanadaban","status":"publish","type":"post","link":"https:\/\/vkpatriarhat.org\/hu\/demonok-segitsegul-hivasat-kanadaban\/","title":{"rendered":"BKP: Ferenc propag\u00e1lja az \u00fan. f\u00fcst\u00f6l\u0151 szertart\u00e1st, teh\u00e1t a d\u00e9monok seg\u00edts\u00e9g\u00fcl h\u00edv\u00e1s\u00e1t a templomban Kanad\u00e1ban \u2013 de mit mond Isten?"},"content":{"rendered":"\t\t<div data-elementor-type=\"wp-post\" data-elementor-id=\"23566\" class=\"elementor elementor-23566\" data-elementor-settings=\"[]\">\n\t\t\t\t\t\t\t<div class=\"elementor-section-wrap\">\n\t\t\t\t\t\t\t<section class=\"elementor-section elementor-top-section elementor-element elementor-element-6f0e98a8 elementor-section-boxed elementor-section-height-default elementor-section-height-default\" data-id=\"6f0e98a8\" data-element_type=\"section\">\n\t\t\t\t\t\t<div class=\"elementor-container elementor-column-gap-default\">\n\t\t\t\t\t<div class=\"elementor-column elementor-col-100 elementor-top-column elementor-element elementor-element-5c485776\" data-id=\"5c485776\" data-element_type=\"column\">\n\t\t\t<div class=\"elementor-widget-wrap elementor-element-populated\">\n\t\t\t\t\t\t\t\t<div class=\"elementor-element elementor-element-775bb06 elementor-widget elementor-widget-text-editor\" data-id=\"775bb06\" data-element_type=\"widget\" data-widget_type=\"text-editor.default\">\n\t\t\t\t<div class=\"elementor-widget-container\">\n\t\t\t\t\t\t\t<p style=\"text-align: justify;\">Bergoglio nyilv\u00e1nosan propag\u00e1lja a pog\u00e1ny ritu\u00e1l\u00e9t \u2013 a d\u00e9monok seg\u00edts\u00e9g\u00fcl h\u00edv\u00e1s\u00e1t a f\u00fcst\u00f6l\u0151 szertart\u00e1son -, r\u00e1ad\u00e1sul beviszi azt egyenesen a katolikus templomokba! A templomnak ez a megszents\u00e9gtelen\u00edt\u00e9se \u00e1lszent m\u00f3don megtiszt\u00edt\u00e1sk\u00e9nt van megnevezve! Ez az \u0151 programj\u00e1nak teljes\u00edt\u00e9se, amelyet m\u00e1r az \u00fan. Amaz\u00f3niai zsinaton kit\u0171z\u00f6tt. Itt a pog\u00e1ny, teh\u00e1t s\u00e1t\u00e1nista elemek \u00e9s praktik\u00e1k bevezet\u00e9s\u00e9t programozta be a szent liturgi\u00e1ba. Ez az istentagad\u00e1s legfels\u0151bb szintje, az els\u0151 parancsolat elleni b\u0171n \u00e9s de facto az \u00e1lland\u00f3 \u00e1ldozat elt\u00e1vol\u00edt\u00e1sa, amire D\u00e1niel pr\u00f3f\u00e9ta figyelmeztet \u00e9s amit J\u00e9zus is megeml\u00edt n\u00e9h\u00e1ny nappal megv\u00e1lt\u00f3 hal\u00e1la el\u0151tt (Mt 24,16).<\/p><p style=\"text-align: justify;\">Az aposzt\u00e1zis bels\u0151 folyamata hivatalosan a II. Vatik\u00e1ni Zsinattal kezd\u0151d\u00f6tt. Az nemcsak hogy ajt\u00f3t nyitott a modernizmus eretneks\u00e9ge el\u0151tt, hanem a Nostra aetate dokumentummal elkezdte a pog\u00e1nys\u00e1ggal kevert szinkretizmus destrukt\u00edv folyamat\u00e1t. II. J\u00e1nos P\u00e1l ezt a programot megtestes\u00edtette \u00e9s 1986-ban \u00f6sszej\u00f6vetelre h\u00edvta a pog\u00e1nyokat Assisibe. Vel\u00fck val\u00f3 egys\u00e9gben im\u00e1dkozott az \u00fan. k\u00f6z\u00f6s istenhez annak teljes tudat\u00e1ban, hogy a pog\u00e1nyok nem az Istenhez im\u00e1dkoznak, hanem d\u00e9monokhoz \u00e9s az \u00f6rd\u00f6gh\u00f6z. Ezzel \u00e1tkot vont le az eg\u00e9sz egyh\u00e1zra.<\/p><p><\/p><\/div><\/div><\/div><\/div><\/div><\/section><\/div><\/div><br><a class=\"btn btn-theme post-btn\" href=\"https:\/\/vkpatriarhat.org\/hu\/demonok-segitsegul-hivasat-kanadaban\/\">\u0427\u0438\u0442\u0430\u0442\u0438 \u0434\u0430\u043b\u0456<\/a>","protected":false},"excerpt":{"rendered":"<p>Bergoglio nyilv\u00e1nosan propag\u00e1lja a pog\u00e1ny ritu\u00e1l\u00e9t \u2013 a d\u00e9monok seg\u00edts\u00e9g\u00fcl h\u00edv\u00e1s\u00e1t a f\u00fcst\u00f6l\u0151 szertart\u00e1son -, r\u00e1ad\u00e1sul beviszi azt egyenesen a katolikus templomokba! A templomnak ez a megszents\u00e9gtelen\u00edt\u00e9se \u00e1lszent m\u00f3don megtiszt\u00edt\u00e1sk\u00e9nt van megnevezve! Ez az \u0151 programj\u00e1nak teljes\u00edt\u00e9se, amelyet m\u00e1r az \u00fan. Amaz\u00f3niai zsinaton kit\u0171z\u00f6tt. Itt a pog\u00e1ny, teh\u00e1t s\u00e1t\u00e1nista elemek \u00e9s praktik\u00e1k bevezet\u00e9s\u00e9t programozta be [&hellip;]<\/p>\n","protected":false},"author":1,"featured_media":23580,"comment_status":"closed","ping_status":"closed","sticky":false,"template":"","format":"standard","meta":[],"categories":[40],"tags":[],"_links":{"self":[{"href":"https:\/\/vkpatriarhat.org\/hu\/wp-json\/wp\/v2\/posts\/23566"}],"collection":[{"href":"https:\/\/vkpatriarhat.org\/hu\/wp-json\/wp\/v2\/posts"}],"about":[{"href":"https:\/\/vkpatriarhat.org\/hu\/wp-json\/wp\/v2\/types\/post"}],"author":[{"embeddable":true,"href":"https:\/\/vkpatriarhat.org\/hu\/wp-json\/wp\/v2\/users\/1"}],"replies":[{"embeddable":true,"href":"https:\/\/vkpatriarhat.org\/hu\/wp-json\/wp\/v2\/comments?post=23566"}],"version-history":[{"count":28,"href":"https:\/\/vkpatriarhat.org\/hu\/wp-json\/wp\/v2\/posts\/23566\/revisions"}],"predecessor-version":[{"id":23598,"href":"https:\/\/vkpatriarhat.org\/hu\/wp-json\/wp\/v2\/posts\/23566\/revisions\/23598"}],"wp:featuredmedia":[{"embeddable":true,"href":"https:\/\/vkpatriarhat.org\/hu\/wp-json\/wp\/v2\/media\/23580"}],"wp:attachment":[{"href":"https:\/\/vkpatriarhat.org\/hu\/wp-json\/wp\/v2\/media?parent=23566"}],"wp:term":[{"taxonomy":"category","embeddable":true,"href":"https:\/\/vkpatriarhat.org\/hu\/wp-json\/wp\/v2\/categories?post=23566"},{"taxonomy":"post_tag","embeddable":true,"href":"https:\/\/vkpatriarhat.org\/hu\/wp-json\/wp\/v2\/tags?post=23566"}],"curies":[{"name":"wp","href":"https:\/\/api.w.org\/{rel}","templated":true}]}}