{"id":23551,"date":"2022-08-21T22:04:57","date_gmt":"2022-08-21T19:04:57","guid":{"rendered":"http:\/\/vkpatriarhat.org\/hu\/?p=23551"},"modified":"2024-05-17T17:52:50","modified_gmt":"2024-05-17T14:52:50","slug":"az-elet-igeje-mt-5-38-39-2022-8-21-2022-9-4","status":"publish","type":"post","link":"https:\/\/vkpatriarhat.org\/hu\/az-elet-igeje-mt-5-38-39-2022-8-21-2022-9-4\/","title":{"rendered":"Az Elet Igeje \u2013 Mt 5, 38-39  (2022.8.21. \u2013 2022.9.4.)"},"content":{"rendered":"\t\t<div data-elementor-type=\"wp-post\" data-elementor-id=\"23551\" class=\"elementor elementor-23551\" data-elementor-settings=\"[]\">\n\t\t\t\t\t\t\t<div class=\"elementor-section-wrap\">\n\t\t\t\t\t\t\t<section class=\"elementor-section elementor-top-section elementor-element elementor-element-5c7eba41 elementor-section-boxed elementor-section-height-default elementor-section-height-default\" data-id=\"5c7eba41\" data-element_type=\"section\">\n\t\t\t\t\t\t<div class=\"elementor-container elementor-column-gap-default\">\n\t\t\t\t\t<div class=\"elementor-column elementor-col-100 elementor-top-column elementor-element elementor-element-3fa0bd\" data-id=\"3fa0bd\" data-element_type=\"column\">\n\t\t\t<div class=\"elementor-widget-wrap elementor-element-populated\">\n\t\t\t\t\t\t\t\t<div class=\"elementor-element elementor-element-53a68307 elementor-widget elementor-widget-text-editor\" data-id=\"53a68307\" data-element_type=\"widget\" data-widget_type=\"text-editor.default\">\n\t\t\t\t<div class=\"elementor-widget-container\">\n\t\t\t\t\t\t\t<h4 style=\"text-align: center;\"><em><span style=\"color: #000080;\"><strong>\u201cHallott\u00e1tok, hogy megmondatott: Szemet szem\u00e9rt \u00e9s fogat fog\u00e9rt. <\/strong><\/span><\/em><\/h4><h4 style=\"text-align: center;\"><em><span style=\"color: #000080;\"><strong>\u00c9n pedig azt mondom n\u00e9ktek: Ne \u00e1lljatok ellene a gonosznak, <\/strong><\/span><\/em><\/h4><h4 style=\"text-align: center;\"><em><span style=\"color: #000080;\"><strong>hanem a ki arczul \u00fct t\u00e9ged jobb fel\u00f4l, ford\u00edtsd fel\u00e9 a m\u00e1sik orcz\u00e1dat is.\u201d<\/strong><\/span><\/em> <\/h4><\/div><\/div><\/div><\/div><\/div><\/section><\/div><\/div><br><a class=\"btn btn-theme post-btn\" href=\"https:\/\/vkpatriarhat.org\/hu\/az-elet-igeje-mt-5-38-39-2022-8-21-2022-9-4\/\">\u0427\u0438\u0442\u0430\u0442\u0438 \u0434\u0430\u043b\u0456<\/a>","protected":false},"excerpt":{"rendered":"<p>\u201cHallott\u00e1tok, hogy megmondatott: Szemet szem\u00e9rt \u00e9s fogat fog\u00e9rt. \u00c9n pedig azt mondom n\u00e9ktek: Ne \u00e1lljatok ellene a gonosznak, hanem a ki arczul \u00fct t\u00e9ged jobb fel\u00f4l, ford\u00edtsd fel\u00e9 a m\u00e1sik orcz\u00e1dat is.\u201d<\/p>\n","protected":false},"author":1,"featured_media":23553,"comment_status":"closed","ping_status":"closed","sticky":false,"template":"","format":"standard","meta":[],"categories":[90],"tags":[],"_links":{"self":[{"href":"https:\/\/vkpatriarhat.org\/hu\/wp-json\/wp\/v2\/posts\/23551"}],"collection":[{"href":"https:\/\/vkpatriarhat.org\/hu\/wp-json\/wp\/v2\/posts"}],"about":[{"href":"https:\/\/vkpatriarhat.org\/hu\/wp-json\/wp\/v2\/types\/post"}],"author":[{"embeddable":true,"href":"https:\/\/vkpatriarhat.org\/hu\/wp-json\/wp\/v2\/users\/1"}],"replies":[{"embeddable":true,"href":"https:\/\/vkpatriarhat.org\/hu\/wp-json\/wp\/v2\/comments?post=23551"}],"version-history":[{"count":16,"href":"https:\/\/vkpatriarhat.org\/hu\/wp-json\/wp\/v2\/posts\/23551\/revisions"}],"predecessor-version":[{"id":23636,"href":"https:\/\/vkpatriarhat.org\/hu\/wp-json\/wp\/v2\/posts\/23551\/revisions\/23636"}],"wp:featuredmedia":[{"embeddable":true,"href":"https:\/\/vkpatriarhat.org\/hu\/wp-json\/wp\/v2\/media\/23553"}],"wp:attachment":[{"href":"https:\/\/vkpatriarhat.org\/hu\/wp-json\/wp\/v2\/media?parent=23551"}],"wp:term":[{"taxonomy":"category","embeddable":true,"href":"https:\/\/vkpatriarhat.org\/hu\/wp-json\/wp\/v2\/categories?post=23551"},{"taxonomy":"post_tag","embeddable":true,"href":"https:\/\/vkpatriarhat.org\/hu\/wp-json\/wp\/v2\/tags?post=23551"}],"curies":[{"name":"wp","href":"https:\/\/api.w.org\/{rel}","templated":true}]}}