{"id":23521,"date":"2022-08-10T15:36:29","date_gmt":"2022-08-10T12:36:29","guid":{"rendered":"http:\/\/vkpatriarhat.org\/hu\/?p=23521"},"modified":"2024-05-17T17:52:50","modified_gmt":"2024-05-17T14:52:50","slug":"bergoglio-ferenc-kanadaban","status":"publish","type":"post","link":"https:\/\/vkpatriarhat.org\/hu\/bergoglio-ferenc-kanadaban\/","title":{"rendered":"BKP: Bergoglio Ferenc Kanad\u00e1ban pog\u00e1ny r\u00edtus \u00e1ltal \u00e1tvezeti az egyh\u00e1zat a d\u00e9monok uralma al\u00e1. Mit tehet\u00fcnk?"},"content":{"rendered":"\t\t<div data-elementor-type=\"wp-post\" data-elementor-id=\"23521\" class=\"elementor elementor-23521\" data-elementor-settings=\"[]\">\n\t\t\t\t\t\t\t<div class=\"elementor-section-wrap\">\n\t\t\t\t\t\t\t<section class=\"elementor-section elementor-top-section elementor-element elementor-element-5f99f9db elementor-section-boxed elementor-section-height-default elementor-section-height-default\" data-id=\"5f99f9db\" data-element_type=\"section\">\n\t\t\t\t\t\t<div class=\"elementor-container elementor-column-gap-default\">\n\t\t\t\t\t<div class=\"elementor-column elementor-col-100 elementor-top-column elementor-element elementor-element-1a999966\" data-id=\"1a999966\" data-element_type=\"column\">\n\t\t\t<div class=\"elementor-widget-wrap elementor-element-populated\">\n\t\t\t\t\t\t\t\t<div class=\"elementor-element elementor-element-42340d69 elementor-widget elementor-widget-text-editor\" data-id=\"42340d69\" data-element_type=\"widget\" data-widget_type=\"text-editor.default\">\n\t\t\t\t<div class=\"elementor-widget-container\">\n\t\t\t\t\t\t\t<p style=\"text-align: justify;\">Bergoglio n\u00e9h\u00e1nynapos kanadai turn\u00e9j\u00e1nak egyetlen f\u0151 c\u00e9lja volt: megd\u00f6nteni a katolikus egyh\u00e1zban uralkod\u00f3 k\u00f6zfelfog\u00e1st \u00e9s elfogadtatni, hogy a d\u00e9monok tisztelete \u00e9s seg\u00edts\u00e9g\u00fcl h\u00edv\u00e1sa, az el\u0151tt\u00fck val\u00f3 megny\u00edl\u00e1s \u00e9s a nekik val\u00f3 odaszentel\u0151d\u00e9s ugyanazon, s\u0151t m\u00e9g magasabb szinten van, mint az egyed\u00fcli \u00e9s igaz Isten tisztelete. Bergoglio c\u00e9lja a t\u00edzparancsolat els\u0151 parancsolat\u00e1nak elt\u00e1vol\u00edt\u00e1sa, amely \u00edgy hangzik: <em>\u201e\u00c9n az \u00dar vagyok, a te Istened\u2026 Senki m\u00e1st ne tekints Istennek, csak engem. Ne csin\u00e1lj magadnak faragott k\u00e9pet vagy hasonm\u00e1st arr\u00f3l, ami fent van az \u00e9gben, vagy lent a f\u00f6ld\u00f6n, vagy a vizekben a f\u00f6ld alatt. Ne borulj le ilyen k\u00e9pek el\u0151tt \u00e9s ne tiszteld \u0151ket.\u201d (Ex 20,1-5) Az apostol \u00f3v a pog\u00e1nys\u00e1gt\u00f3l: \u201eK\u00e9rkedtek b\u00f6lcsess\u00e9g\u00fckkel \u00e9s oktalann\u00e1 v\u00e1ltak. A halhatatlan Isten f\u00f6ls\u00e9g\u00e9t f\u00f6lcser\u00e9lt\u00e9k a haland\u00f3 ember, a madarak, a n\u00e9gyl\u00e1b\u00faak \u00e9s a cs\u00fasz\u00f3m\u00e1sz\u00f3k k\u00e9pm\u00e1s\u00e1val. Isten igazs\u00e1g\u00e1t hamiss\u00e1ggal cser\u00e9lt\u00e9k fel, s ink\u00e1bb a teremtm\u00e9ny el\u0151tt h\u00f3doltak, mint a Teremt\u0151 el\u0151tt.\u201d <\/em>(R\u00f3m 1,22-23.25)<\/p><p><\/p><\/div><\/div><\/div><\/div><\/div><\/section><\/div><\/div><br><a class=\"btn btn-theme post-btn\" href=\"https:\/\/vkpatriarhat.org\/hu\/bergoglio-ferenc-kanadaban\/\">\u0427\u0438\u0442\u0430\u0442\u0438 \u0434\u0430\u043b\u0456<\/a>","protected":false},"excerpt":{"rendered":"<p>Bergoglio n\u00e9h\u00e1nynapos kanadai turn\u00e9j\u00e1nak egyetlen f\u0151 c\u00e9lja volt: megd\u00f6nteni a katolikus egyh\u00e1zban uralkod\u00f3 k\u00f6zfelfog\u00e1st \u00e9s elfogadtatni, hogy a d\u00e9monok tisztelete \u00e9s seg\u00edts\u00e9g\u00fcl h\u00edv\u00e1sa, az el\u0151tt\u00fck val\u00f3 megny\u00edl\u00e1s \u00e9s a nekik val\u00f3 odaszentel\u0151d\u00e9s ugyanazon, s\u0151t m\u00e9g magasabb szinten van, mint az egyed\u00fcli \u00e9s igaz Isten tisztelete. Bergoglio c\u00e9lja a t\u00edzparancsolat els\u0151 parancsolat\u00e1nak elt\u00e1vol\u00edt\u00e1sa, amely \u00edgy hangzik: [&hellip;]<\/p>\n","protected":false},"author":1,"featured_media":23523,"comment_status":"closed","ping_status":"closed","sticky":false,"template":"","format":"standard","meta":[],"categories":[40],"tags":[],"_links":{"self":[{"href":"https:\/\/vkpatriarhat.org\/hu\/wp-json\/wp\/v2\/posts\/23521"}],"collection":[{"href":"https:\/\/vkpatriarhat.org\/hu\/wp-json\/wp\/v2\/posts"}],"about":[{"href":"https:\/\/vkpatriarhat.org\/hu\/wp-json\/wp\/v2\/types\/post"}],"author":[{"embeddable":true,"href":"https:\/\/vkpatriarhat.org\/hu\/wp-json\/wp\/v2\/users\/1"}],"replies":[{"embeddable":true,"href":"https:\/\/vkpatriarhat.org\/hu\/wp-json\/wp\/v2\/comments?post=23521"}],"version-history":[{"count":24,"href":"https:\/\/vkpatriarhat.org\/hu\/wp-json\/wp\/v2\/posts\/23521\/revisions"}],"predecessor-version":[{"id":23550,"href":"https:\/\/vkpatriarhat.org\/hu\/wp-json\/wp\/v2\/posts\/23521\/revisions\/23550"}],"wp:featuredmedia":[{"embeddable":true,"href":"https:\/\/vkpatriarhat.org\/hu\/wp-json\/wp\/v2\/media\/23523"}],"wp:attachment":[{"href":"https:\/\/vkpatriarhat.org\/hu\/wp-json\/wp\/v2\/media?parent=23521"}],"wp:term":[{"taxonomy":"category","embeddable":true,"href":"https:\/\/vkpatriarhat.org\/hu\/wp-json\/wp\/v2\/categories?post=23521"},{"taxonomy":"post_tag","embeddable":true,"href":"https:\/\/vkpatriarhat.org\/hu\/wp-json\/wp\/v2\/tags?post=23521"}],"curies":[{"name":"wp","href":"https:\/\/api.w.org\/{rel}","templated":true}]}}