{"id":23505,"date":"2022-08-09T21:59:33","date_gmt":"2022-08-09T18:59:33","guid":{"rendered":"http:\/\/vkpatriarhat.org\/hu\/?p=23505"},"modified":"2024-05-17T17:52:50","modified_gmt":"2024-05-17T14:52:50","slug":"ferenc-alpapa-kanadaban","status":"publish","type":"post","link":"https:\/\/vkpatriarhat.org\/hu\/ferenc-alpapa-kanadaban\/","title":{"rendered":"BKP: Ferenc \u00e1lp\u00e1pa Kanad\u00e1ban pog\u00e1ny ritu\u00e1l\u00e9n vesz r\u00e9szt"},"content":{"rendered":"\t\t<div data-elementor-type=\"wp-post\" data-elementor-id=\"23505\" class=\"elementor elementor-23505\" data-elementor-settings=\"[]\">\n\t\t\t\t\t\t\t<div class=\"elementor-section-wrap\">\n\t\t\t\t\t\t\t<section class=\"elementor-section elementor-top-section elementor-element elementor-element-6e70eb19 elementor-section-boxed elementor-section-height-default elementor-section-height-default\" data-id=\"6e70eb19\" data-element_type=\"section\">\n\t\t\t\t\t\t<div class=\"elementor-container elementor-column-gap-default\">\n\t\t\t\t\t<div class=\"elementor-column elementor-col-100 elementor-top-column elementor-element elementor-element-44dbfe48\" data-id=\"44dbfe48\" data-element_type=\"column\">\n\t\t\t<div class=\"elementor-widget-wrap elementor-element-populated\">\n\t\t\t\t\t\t\t\t<div class=\"elementor-element elementor-element-207be984 elementor-widget elementor-widget-text-editor\" data-id=\"207be984\" data-element_type=\"widget\" data-widget_type=\"text-editor.default\">\n\t\t\t\t<div class=\"elementor-widget-container\">\n\t\t\t\t\t\t\t<p style=\"text-align: justify;\"><em><u>Id\u00e9zet a m\u00e9di\u00e1b\u00f3l: <\/u><\/em><em>\u201eFerenc p\u00e1pa kanadai l\u00e1togat\u00e1s\u00e1nak programj\u00e1ba iktatta az \u0151slakosok pog\u00e1ny ritu\u00e1l\u00e9in val\u00f3 r\u00e9szv\u00e9telt.\u201c<\/em><\/p><p style=\"text-align: justify;\"><u>Komment\u00e1r<\/u>: Bergoglio Pachamama d\u00e9mon tr\u00f3nra emel\u00e9s\u00e9vel \u00e1tkot vont le, s\u00a0\u00edgy k\u00e9sz\u00edtette el\u0151 a k\u00eds\u00e9rleti transzg\u00e9n vakcin\u00e1l\u00e1ssal \u00f6sszek\u00f6t\u00f6tt els\u0151 pand\u00e9mi\u00e1t. Jelenleg, az \u00fajabb fenyeget\u0151 pand\u00e9mia el\u0151tt, teljesen ny\u00edltan tov\u00e1bbi aposztatikus gesztust tesz \u00e9s elfogadja a pog\u00e1ny riut\u00e1l\u00e9ra t\u00f6rt\u00e9n\u0151 megh\u00edv\u00e1st. Ism\u00e9t \u00e1tkot von le, amivel tudatosan ford\u00edtja vissza Isten gondvisel\u00e9s\u00e9t, amellyel Isten az emberis\u00e9get akarja megv\u00e9deni.<\/p><div style=\"text-align: center;\"><p><script src=\"https:\/\/fast.wistia.com\/embed\/medias\/a0ii6g2x3q.jsonp\" async><\/script><script src=\"https:\/\/fast.wistia.com\/assets\/external\/E-v1.js\" async><\/script><\/p><div class=\"wistia_responsive_padding\" style=\"padding: 56.25% 0 0 0; position: relative;\"><div class=\"wistia_responsive_wrapper\" style=\"height: 100%; left: 0; position: absolute; top: 0; width: 100%;\"><div class=\"wistia_embed wistia_async_a0ii6g2x3q videoFoam=true\" style=\"height: 100%; position: relative; width: 100%;\"><div class=\"wistia_swatch\" style=\"height: 100%; left: 0; opacity: 0; overflow: hidden; position: absolute; top: 0; transition: opacity 200ms; width: 100%;\"><img style=\"filter: blur(5px); height: 100%; object-fit: contain; width: 100%;\" src=\"https:\/\/fast.wistia.com\/embed\/medias\/a0ii6g2x3q\/swatch\" alt=\"\" aria-hidden=\"true\" \/><\/div><\/div><\/div><\/div><\/div><p style=\"text-align: center;\"><em><strong><span style=\"color: #1a0101;\">Ezt a vide\u00f3t megn\u00e9zheted itt is:<\/span> <span style=\"color: #800000;\"><a href=\"https:\/\/ferenc-alpapa.wistia.com\/medias\/a0ii6g2x3q\">https:\/\/ferenc-alpapa.wistia.com\/medias\/a0ii6g2x3q<\/a>\u00a0\u00a0<\/span><\/strong><\/em><br \/><span style=\"color: #800000;\"><em><strong><a href=\"https:\/\/rumble.com\/v1fcpjd-ferenc-lppa.html\">https:\/\/rumble.com\/v1fcpjd-ferenc-lppa.html<\/a>\u00a0 \u00a0<\/strong><\/em><\/span><br \/><span style=\"color: #800000;\"><em><strong><a href=\"https:\/\/cos.tv\/videos\/play\/38166445483134976\">https:\/\/cos.tv\/videos\/play\/38166445483134976<\/a>\u00a0 \u00a0<\/strong><\/em><\/span><br \/><span style=\"color: #800000;\"><em><strong><a href=\"https:\/\/www.bitchute.com\/video\/XKSPyyB2Am4m\/\">https:\/\/www.bitchute.com\/video\/XKSPyyB2Am4m\/<\/a>\u00a0 \u00a0<\/strong><\/em><\/span><br \/><span style=\"color: #800000;\"><em><strong><a href=\"https:\/\/gloria.tv\/post\/2VGEJATNCMwq4Lj423f6W7wzo\">https:\/\/gloria.tv\/post\/2VGEJATNCMwq4Lj423f6W7wzo<\/a>\u00a0 \u00a0<\/strong><\/em><\/span><\/p><p style=\"text-align: center;\"><em><strong><span style=\"color: #1a0101;\">Let\u00f6lt\u00e9s vide\u00f3:<\/span> <span style=\"color: #800000;\"><a href=\"https:\/\/seed-eu1.gloria.tv\/1z94gyaCTBei3D8MsGrYwjE6j\/wxld6htx5geqn4q0e3u9fh508cefhb8ob0uoz06.mp4?download=BKP-Ferenc-alpapa-Kanadaban-pogany-ritualen-vesz-reszt-2VGEJATNCMwq4Lj423f6W7wzo.mp4\">346.2 MB, 1280\u00d7720<\/a> \/ <a href=\"https:\/\/seed-eu1.gloria.tv\/1z94gyaCTBei3D8MsGrYwjE6j\/8k7f41hdatsbegdmg1exvmiet3oiw6ydaoygsho.mp4?download=BKP-Ferenc-alpapa-Kanadaban-pogany-ritualen-vesz-reszt-2VGEJATNCMwq4Lj423f6W7wzo.mp4\">104.8 MB, 768\u00d7432<\/a><\/span><\/strong><\/em><\/p><p><\/p><\/div><\/div><\/div><\/div><\/div><\/section><\/div><\/div><br><a class=\"btn btn-theme post-btn\" href=\"https:\/\/vkpatriarhat.org\/hu\/ferenc-alpapa-kanadaban\/\">\u0427\u0438\u0442\u0430\u0442\u0438 \u0434\u0430\u043b\u0456<\/a>","protected":false},"excerpt":{"rendered":"<p>Id\u00e9zet a m\u00e9di\u00e1b\u00f3l: \u201eFerenc p\u00e1pa kanadai l\u00e1togat\u00e1s\u00e1nak programj\u00e1ba iktatta az \u0151slakosok pog\u00e1ny ritu\u00e1l\u00e9in val\u00f3 r\u00e9szv\u00e9telt.\u201c Komment\u00e1r: Bergoglio Pachamama d\u00e9mon tr\u00f3nra emel\u00e9s\u00e9vel \u00e1tkot vont le, s\u00a0\u00edgy k\u00e9sz\u00edtette el\u0151 a k\u00eds\u00e9rleti transzg\u00e9n vakcin\u00e1l\u00e1ssal \u00f6sszek\u00f6t\u00f6tt els\u0151 pand\u00e9mi\u00e1t. Jelenleg, az \u00fajabb fenyeget\u0151 pand\u00e9mia el\u0151tt, teljesen ny\u00edltan tov\u00e1bbi aposztatikus gesztust tesz \u00e9s elfogadja a pog\u00e1ny riut\u00e1l\u00e9ra t\u00f6rt\u00e9n\u0151 megh\u00edv\u00e1st. Ism\u00e9t \u00e1tkot [&hellip;]<\/p>\n","protected":false},"author":1,"featured_media":23506,"comment_status":"closed","ping_status":"closed","sticky":false,"template":"","format":"standard","meta":[],"categories":[40],"tags":[],"_links":{"self":[{"href":"https:\/\/vkpatriarhat.org\/hu\/wp-json\/wp\/v2\/posts\/23505"}],"collection":[{"href":"https:\/\/vkpatriarhat.org\/hu\/wp-json\/wp\/v2\/posts"}],"about":[{"href":"https:\/\/vkpatriarhat.org\/hu\/wp-json\/wp\/v2\/types\/post"}],"author":[{"embeddable":true,"href":"https:\/\/vkpatriarhat.org\/hu\/wp-json\/wp\/v2\/users\/1"}],"replies":[{"embeddable":true,"href":"https:\/\/vkpatriarhat.org\/hu\/wp-json\/wp\/v2\/comments?post=23505"}],"version-history":[{"count":10,"href":"https:\/\/vkpatriarhat.org\/hu\/wp-json\/wp\/v2\/posts\/23505\/revisions"}],"predecessor-version":[{"id":23520,"href":"https:\/\/vkpatriarhat.org\/hu\/wp-json\/wp\/v2\/posts\/23505\/revisions\/23520"}],"wp:featuredmedia":[{"embeddable":true,"href":"https:\/\/vkpatriarhat.org\/hu\/wp-json\/wp\/v2\/media\/23506"}],"wp:attachment":[{"href":"https:\/\/vkpatriarhat.org\/hu\/wp-json\/wp\/v2\/media?parent=23505"}],"wp:term":[{"taxonomy":"category","embeddable":true,"href":"https:\/\/vkpatriarhat.org\/hu\/wp-json\/wp\/v2\/categories?post=23505"},{"taxonomy":"post_tag","embeddable":true,"href":"https:\/\/vkpatriarhat.org\/hu\/wp-json\/wp\/v2\/tags?post=23505"}],"curies":[{"name":"wp","href":"https:\/\/api.w.org\/{rel}","templated":true}]}}