{"id":23087,"date":"2022-02-20T23:57:56","date_gmt":"2022-02-20T20:57:56","guid":{"rendered":"http:\/\/vkpatriarhat.org\/hu\/?p=23087"},"modified":"2025-04-30T16:32:59","modified_gmt":"2025-04-30T13:32:59","slug":"valasz-r-fuellmich","status":"publish","type":"post","link":"https:\/\/vkpatriarhat.org\/hu\/valasz-r-fuellmich\/","title":{"rendered":"BKP: V\u00e1lasz R. Fuellmich II. N\u00fcrnberggel kapcsolatos interj\u00faj\u00e1ra"},"content":{"rendered":"\t\t<div data-elementor-type=\"wp-post\" data-elementor-id=\"23087\" class=\"elementor elementor-23087\" data-elementor-settings=\"[]\">\n\t\t\t\t\t\t\t<div class=\"elementor-section-wrap\">\n\t\t\t\t\t\t\t<section class=\"elementor-section elementor-top-section elementor-element elementor-element-5d7abcb6 elementor-section-boxed elementor-section-height-default elementor-section-height-default\" data-id=\"5d7abcb6\" data-element_type=\"section\">\n\t\t\t\t\t\t<div class=\"elementor-container elementor-column-gap-default\">\n\t\t\t\t\t<div class=\"elementor-column elementor-col-100 elementor-top-column elementor-element elementor-element-390624c1\" data-id=\"390624c1\" data-element_type=\"column\">\n\t\t\t<div class=\"elementor-widget-wrap elementor-element-populated\">\n\t\t\t\t\t\t\t\t<div class=\"elementor-element elementor-element-778a4b4b elementor-widget elementor-widget-text-editor\" data-id=\"778a4b4b\" data-element_type=\"widget\" data-widget_type=\"text-editor.default\">\n\t\t\t\t<div class=\"elementor-widget-container\">\n\t\t\t\t\t\t\t<p style=\"text-align: justify;\">A Biz\u00e1nci Katolikus Patriarch\u00e1tus (BKP) puszt\u00e1ba ki\u00e1lt\u00f3 pr\u00f3f\u00e9tai sz\u00f3.<\/p>\n<p style=\"text-align: justify;\">Doktor Fuellmich, nyilv\u00e1nosan szeretn\u00e9nk megk\u00f6sz\u00f6nni \u00d6nnek, hogy b\u00e1tran ki\u00e1ll az igazs\u00e1g\u00e9rt sokak megment\u00e9se \u00e9rdek\u00e9ben, elt\u00e9r\u0151en azokt\u00f3l, akik p\u00e9nz\u00e9rt, f\u00e9lelemb\u0151l vagy karrierv\u00e1gyb\u00f3l csendben maradtak. Egy\u00fattal k\u00f6sz\u00f6netet mondunk minden munkat\u00e1rs\u00e1nak is, akik \u00d6nh\u00f6z hasonl\u00f3an kock\u00e1ztatj\u00e1k az \u00fcld\u00f6ztet\u00e9st, s\u0151t az \u00e9let\u00fcket is. \u00dajra k\u00f6sz\u00f6netet mondunk a b\u00e1tor orvos szakembereknek \u00e9s a mer\u00e9sz politikusoknak is, mint amilyen Feh\u00e9roroszorsz\u00e1g eln\u00f6ke, vagy mint amilyen Tanz\u00e1nia elh\u00fanyt eln\u00f6ke is volt.<\/p>\n\n<div style=\"text-align: center;\">\n\n<script>!function(r,u,m,b,l,e){r._Rumble=b,r[b]||(r[b]=function(){(r[b]._=r[b]._||[]).push(arguments);if(r[b]._.length==1){l=u.createElement(m),e=u.getElementsByTagName(m)[0],l.async=1,l.src=\"https:\/\/rumble.com\/embedJS\/uf1ws9\"+(arguments[1].video?'.'+arguments[1].video:'')+\"\/?url=\"+encodeURIComponent(location.href)+\"&args=\"+encodeURIComponent(JSON.stringify([].slice.apply(arguments))),e.parentNode.insertBefore(l,e)}})}(window, document, \"script\", \"Rumble\");<\/script>\n\n<div id=\"rumble_vst6ey\"><\/div>\n<script>\nRumble(\"play\", {\"video\":\"vst6ey\",\"div\":\"rumble_vst6ey\"});<\/script>\n<\/div>\n<p style=\"text-align: center;\"><em><strong><span style=\"color: #210101;\">Ezt a vide\u00f3t megn\u00e9zheted itt is:<\/span> <\/strong><\/em><span style=\"color: #800000;\"><em><strong><a href=\"https:\/\/rumble.com\/vvfch6-vlasz-r.-fuellmich.html\">https:\/\/rumble.com\/vvfch6-vlasz-r.-fuellmich.html<\/a>\u00a0 \u00a0<\/strong><\/em><\/span>\n<span style=\"color: #800000;\"><em><strong><a href=\"https:\/\/cos.tv\/videos\/play\/34304052380079104\">https:\/\/cos.tv\/videos\/play\/34304052380079104<\/a>\u00a0 \u00a0<\/strong><\/em><\/span>\n<span style=\"color: #800000;\"><em><strong><a href=\"https:\/\/ugetube.com\/watch\/Q1bpaStEPsvGAMw\">https:\/\/ugetube.com\/watch\/Q1bpaStEPsvGAMw<\/a>\u00a0 \u00a0<\/strong><\/em><\/span>\n<span style=\"color: #800000;\"><em><strong><a href=\"https:\/\/www.bitchute.com\/video\/f1OKHL15lAlT\/\">https:\/\/www.bitchute.com\/video\/f1OKHL15lAlT\/<\/a>\u00a0 \u00a0<\/strong><\/em><\/span><\/p>\n<\/div><\/div><\/div><\/div><\/div><\/section><\/div><\/div><br><a class=\"btn btn-theme post-btn\" href=\"https:\/\/vkpatriarhat.org\/hu\/valasz-r-fuellmich\/\">\u0427\u0438\u0442\u0430\u0442\u0438 \u0434\u0430\u043b\u0456<\/a>","protected":false},"excerpt":{"rendered":"<p>A Biz\u00e1nci Katolikus Patriarch\u00e1tus (BKP) puszt\u00e1ba ki\u00e1lt\u00f3 pr\u00f3f\u00e9tai sz\u00f3. Doktor Fuellmich, nyilv\u00e1nosan szeretn\u00e9nk megk\u00f6sz\u00f6nni \u00d6nnek, hogy b\u00e1tran ki\u00e1ll az igazs\u00e1g\u00e9rt sokak megment\u00e9se \u00e9rdek\u00e9ben, elt\u00e9r\u0151en azokt\u00f3l, akik p\u00e9nz\u00e9rt, f\u00e9lelemb\u0151l vagy karrierv\u00e1gyb\u00f3l csendben maradtak. Egy\u00fattal k\u00f6sz\u00f6netet mondunk minden munkat\u00e1rs\u00e1nak is, akik \u00d6nh\u00f6z hasonl\u00f3an kock\u00e1ztatj\u00e1k az \u00fcld\u00f6ztet\u00e9st, s\u0151t az \u00e9let\u00fcket is. \u00dajra k\u00f6sz\u00f6netet mondunk a b\u00e1tor orvos szakembereknek [&hellip;]<\/p>\n","protected":false},"author":1,"featured_media":23089,"comment_status":"closed","ping_status":"closed","sticky":false,"template":"","format":"standard","meta":[],"categories":[77,85],"tags":[],"_links":{"self":[{"href":"https:\/\/vkpatriarhat.org\/hu\/wp-json\/wp\/v2\/posts\/23087"}],"collection":[{"href":"https:\/\/vkpatriarhat.org\/hu\/wp-json\/wp\/v2\/posts"}],"about":[{"href":"https:\/\/vkpatriarhat.org\/hu\/wp-json\/wp\/v2\/types\/post"}],"author":[{"embeddable":true,"href":"https:\/\/vkpatriarhat.org\/hu\/wp-json\/wp\/v2\/users\/1"}],"replies":[{"embeddable":true,"href":"https:\/\/vkpatriarhat.org\/hu\/wp-json\/wp\/v2\/comments?post=23087"}],"version-history":[{"count":13,"href":"https:\/\/vkpatriarhat.org\/hu\/wp-json\/wp\/v2\/posts\/23087\/revisions"}],"predecessor-version":[{"id":26418,"href":"https:\/\/vkpatriarhat.org\/hu\/wp-json\/wp\/v2\/posts\/23087\/revisions\/26418"}],"wp:featuredmedia":[{"embeddable":true,"href":"https:\/\/vkpatriarhat.org\/hu\/wp-json\/wp\/v2\/media\/23089"}],"wp:attachment":[{"href":"https:\/\/vkpatriarhat.org\/hu\/wp-json\/wp\/v2\/media?parent=23087"}],"wp:term":[{"taxonomy":"category","embeddable":true,"href":"https:\/\/vkpatriarhat.org\/hu\/wp-json\/wp\/v2\/categories?post=23087"},{"taxonomy":"post_tag","embeddable":true,"href":"https:\/\/vkpatriarhat.org\/hu\/wp-json\/wp\/v2\/tags?post=23087"}],"curies":[{"name":"wp","href":"https:\/\/api.w.org\/{rel}","templated":true}]}}