{"id":22534,"date":"2021-11-10T13:33:16","date_gmt":"2021-11-10T10:33:16","guid":{"rendered":"http:\/\/vkpatriarhat.org\/hu\/?p=22534"},"modified":"2024-05-17T17:52:55","modified_gmt":"2024-05-17T14:52:55","slug":"ferenc-athagja-es-felrugja-a-tizparancsolat","status":"publish","type":"post","link":"https:\/\/vkpatriarhat.org\/hu\/ferenc-athagja-es-felrugja-a-tizparancsolat\/","title":{"rendered":"BKP: Ferenc \u201ep\u00e1pa\u201d \u00e1th\u00e1gja \u00e9s felr\u00fagja a T\u00edzparancsolat \u00f6sszes parancsolat\u00e1t"},"content":{"rendered":"\t\t<div data-elementor-type=\"wp-post\" data-elementor-id=\"22534\" class=\"elementor elementor-22534\" data-elementor-settings=\"[]\">\n\t\t\t\t\t\t\t<div class=\"elementor-section-wrap\">\n\t\t\t\t\t\t\t<section class=\"elementor-section elementor-top-section elementor-element elementor-element-450a50d4 elementor-section-boxed elementor-section-height-default elementor-section-height-default\" data-id=\"450a50d4\" data-element_type=\"section\">\n\t\t\t\t\t\t<div class=\"elementor-container elementor-column-gap-default\">\n\t\t\t\t\t<div class=\"elementor-column elementor-col-100 elementor-top-column elementor-element elementor-element-7e9be137\" data-id=\"7e9be137\" data-element_type=\"column\">\n\t\t\t<div class=\"elementor-widget-wrap elementor-element-populated\">\n\t\t\t\t\t\t\t\t<div class=\"elementor-element elementor-element-30e0126a elementor-widget elementor-widget-text-editor\" data-id=\"30e0126a\" data-element_type=\"widget\" data-widget_type=\"text-editor.default\">\n\t\t\t\t<div class=\"elementor-widget-container\">\n\t\t\t\t\t\t\t<p style=\"text-align: justify;\"><u>Els\u0151 parancsolat: <em>\u201e\u00c9n az \u00dar, vagyok a te Istened\u2026 <\/em><\/u><em><u>Ne legyen m\u00e1s istened rajtam k\u00edv\u00fcl! Ne im\u00e1dd \u00e9s ne tiszteld azokat!\u201d<\/u><\/em><\/p><p style=\"text-align: justify;\">A v\u00e9rtan\u00fak sz\u00e1zezrei ink\u00e1bb al\u00e1vetett\u00e9k magukat a legk\u00fcl\u00f6nf\u00e9l\u00e9bb k\u00ednoknak \u00e9s v\u00e1llalt\u00e1k a hal\u00e1lt, minthogy ak\u00e1rcsak egyetlen szem t\u00f6mj\u00e9nnel is pog\u00e1ny isteneket-d\u00e9monokat tiszteltek volna! Bergoglio az igaz Istent\u0151l val\u00f3 t\u00f6meges eles\u00e9s \u00e9s a m\u00e1s istenekhez &#8211; d\u00e9monokhoz val\u00f3 \u00e1tp\u00e1rtol\u00e1s precedens\u00e9t adta el\u00e9nk. 2019 okt\u00f3ber\u00e9ben t\u00f6rt\u00e9nt, hogy eln\u00f6k\u00f6lt a boszork\u00e1nyszertart\u00e1son a Vatik\u00e1ni Kertekben, majd pedig tr\u00f3nra emelte Pachamama f\u0151d\u00e9mont a Szent P\u00e9ter Bazilik\u00e1ban. A legs\u00falyosabb b\u0171nt k\u00f6vette el, a hitehagy\u00e1s gesztus\u00e1t cselekedte, ezzel pedig s\u00falyosan meggyal\u00e1zta Istent \u00e9s cinikus m\u00f3don kig\u00fanyolta az egyh\u00e1z \u00f6sszes v\u00e9rtan\u00faj\u00e1t.<\/p><\/div><\/div><\/div><\/div><\/div><\/section><\/div><\/div><br><a class=\"btn btn-theme post-btn\" href=\"https:\/\/vkpatriarhat.org\/hu\/ferenc-athagja-es-felrugja-a-tizparancsolat\/\">\u0427\u0438\u0442\u0430\u0442\u0438 \u0434\u0430\u043b\u0456<\/a>","protected":false},"excerpt":{"rendered":"<p>Els\u0151 parancsolat: \u201e\u00c9n az \u00dar, vagyok a te Istened\u2026 Ne legyen m\u00e1s istened rajtam k\u00edv\u00fcl! Ne im\u00e1dd \u00e9s ne tiszteld azokat!\u201d A v\u00e9rtan\u00fak sz\u00e1zezrei ink\u00e1bb al\u00e1vetett\u00e9k magukat a legk\u00fcl\u00f6nf\u00e9l\u00e9bb k\u00ednoknak \u00e9s v\u00e1llalt\u00e1k a hal\u00e1lt, minthogy ak\u00e1rcsak egyetlen szem t\u00f6mj\u00e9nnel is pog\u00e1ny isteneket-d\u00e9monokat tiszteltek volna! Bergoglio az igaz Istent\u0151l val\u00f3 t\u00f6meges eles\u00e9s \u00e9s a m\u00e1s istenekhez [&hellip;]<\/p>\n","protected":false},"author":1,"featured_media":22535,"comment_status":"closed","ping_status":"closed","sticky":false,"template":"","format":"standard","meta":[],"categories":[40],"tags":[],"_links":{"self":[{"href":"https:\/\/vkpatriarhat.org\/hu\/wp-json\/wp\/v2\/posts\/22534"}],"collection":[{"href":"https:\/\/vkpatriarhat.org\/hu\/wp-json\/wp\/v2\/posts"}],"about":[{"href":"https:\/\/vkpatriarhat.org\/hu\/wp-json\/wp\/v2\/types\/post"}],"author":[{"embeddable":true,"href":"https:\/\/vkpatriarhat.org\/hu\/wp-json\/wp\/v2\/users\/1"}],"replies":[{"embeddable":true,"href":"https:\/\/vkpatriarhat.org\/hu\/wp-json\/wp\/v2\/comments?post=22534"}],"version-history":[{"count":6,"href":"https:\/\/vkpatriarhat.org\/hu\/wp-json\/wp\/v2\/posts\/22534\/revisions"}],"predecessor-version":[{"id":22543,"href":"https:\/\/vkpatriarhat.org\/hu\/wp-json\/wp\/v2\/posts\/22534\/revisions\/22543"}],"wp:featuredmedia":[{"embeddable":true,"href":"https:\/\/vkpatriarhat.org\/hu\/wp-json\/wp\/v2\/media\/22535"}],"wp:attachment":[{"href":"https:\/\/vkpatriarhat.org\/hu\/wp-json\/wp\/v2\/media?parent=22534"}],"wp:term":[{"taxonomy":"category","embeddable":true,"href":"https:\/\/vkpatriarhat.org\/hu\/wp-json\/wp\/v2\/categories?post=22534"},{"taxonomy":"post_tag","embeddable":true,"href":"https:\/\/vkpatriarhat.org\/hu\/wp-json\/wp\/v2\/tags?post=22534"}],"curies":[{"name":"wp","href":"https:\/\/api.w.org\/{rel}","templated":true}]}}