{"id":22267,"date":"2021-09-24T13:07:57","date_gmt":"2021-09-24T10:07:57","guid":{"rendered":"http:\/\/vkpatriarhat.org\/hu\/?p=22267"},"modified":"2021-09-24T13:13:09","modified_gmt":"2021-09-24T10:13:09","slug":"mi-rejtozik-a-szinodalitasrol","status":"publish","type":"post","link":"https:\/\/vkpatriarhat.org\/hu\/mi-rejtozik-a-szinodalitasrol\/","title":{"rendered":"BKP: Mi rejt\u0151zik a Szinodalit\u00e1sr\u00f3l sz\u00f3l\u00f3 zsinat dokumentumai m\u00f6g\u00f6tt"},"content":{"rendered":"\t\t<div data-elementor-type=\"wp-post\" data-elementor-id=\"22267\" class=\"elementor elementor-22267\" data-elementor-settings=\"[]\">\n\t\t\t\t\t\t\t<div class=\"elementor-section-wrap\">\n\t\t\t\t\t\t\t<section class=\"elementor-section elementor-top-section elementor-element elementor-element-cf0bcd2 elementor-section-boxed elementor-section-height-default elementor-section-height-default\" data-id=\"cf0bcd2\" data-element_type=\"section\">\n\t\t\t\t\t\t<div class=\"elementor-container elementor-column-gap-default\">\n\t\t\t\t\t<div class=\"elementor-column elementor-col-100 elementor-top-column elementor-element elementor-element-9bde717\" data-id=\"9bde717\" data-element_type=\"column\">\n\t\t\t<div class=\"elementor-widget-wrap elementor-element-populated\">\n\t\t\t\t\t\t\t\t<div class=\"elementor-element elementor-element-5b2d0854 elementor-widget elementor-widget-text-editor\" data-id=\"5b2d0854\" data-element_type=\"widget\" data-widget_type=\"text-editor.default\">\n\t\t\t\t<div class=\"elementor-widget-container\">\n\t\t\t\t\t\t\t<p style=\"text-align: justify;\">2021.\u00a0okt\u00f3ber 9-\u00e9n \u00e9s 10-\u00e9n a Vatik\u00e1nban el kell kezd\u0151dnie a Szinodalit\u00e1sr\u00f3l sz\u00f3l\u00f3 zsinatnak. Ezekben a napokban jelent meg az el\u0151k\u00e9sz\u00edt\u0151 dokumentum \u00e9s az \u00fan. Vademecum. Ennek a dokumentumnak ugyanaz a lelkis\u00e9ge \u00e9s ugyanazt a sz\u00f3t\u00e1rat haszn\u00e1lja, mint a mainstream m\u00e9dia, amely az \u00faj NWO (\u00daj vil\u00e1grend) \u00e9s a New Age ideol\u00f3gi\u00e1j\u00e1t juttatja \u00e9rv\u00e9nyre. Olyan \u00e1lc\u00e1z\u00f3 terminol\u00f3gi\u00e1t \u00e9s fr\u00e1zisokat haszn\u00e1l, amelyeket az \u00e1tlagkereszt\u00e9ny nehezen tud megfejteni. A hamis p\u00e1pa rombol\u00f3 tev\u00e9kenys\u00e9g\u00e9b\u0151l azonban nyilv\u00e1nval\u00f3, hogy egy pontosan el\u0151k\u00e9sz\u00edtett programr\u00f3l van sz\u00f3, amely teljes \u00f6sszhangban \u00e1ll a hatalmasok programj\u00e1val, azaz <strong>elvezetni a katolikus egyh\u00e1zat a New Age-be, a pog\u00e1ny kultuszok Babilonj\u00e1ba<\/strong>. \u0150k nem az Egy Istent tisztelik \u00e9s az \u0150 Fi\u00e1t, a mi Megv\u00e1lt\u00f3 J\u00e9zus Krisztusunkat, hanem a d\u00e9monokat \u00e9s a s\u00e1t\u00e1nt. Pachamama d\u00e9mon tr\u00f3nra emel\u00e9s\u00e9nek gesztus\u00e1val a Vatik\u00e1nban (2019) Bergoglio nyilv\u00e1nos b\u00e1lv\u00e1nyim\u00e1d\u00e1st k\u00f6vetett el, \u00e9s ezzel megtagadta a T\u00edzparancsolat els\u0151 parancsolat\u00e1t: <em>\u201eNe legyenek neked idegen isteneid \u00e9nel\u0151ttem.\u201c<\/em> Az Egy Istent\u0151l val\u00f3 eles\u00e9s eme gesztus\u00e1\u00e9rt Bergoglio mag\u00e1ra \u00e1tkont vont \u00e9s kiz\u00e1rta mag\u00e1t Krisztus Titokzatos Test\u00e9b\u0151l \u2013 az egyh\u00e1zb\u00f3l. Ezt minden \u00e1tlagkereszt\u00e9nynek tudnia kell. Bergoglio teh\u00e1t nem rendes p\u00e1pa, csak bitorolja a p\u00e1pai hivatalt, m\u00e9gpedig azzal a c\u00e9llal, hogy <strong>az egyh\u00e1z \u00f6nmegsemmis\u00edt\u00e9se \u00e9rdek\u00e9ben<\/strong> \u00e9ljen vissza vele. <strong>Az \u00fan. szinod\u00e1lis \u00fat \u00e1ltal felsz\u00e1molja mag\u00e1t a p\u00e1pas\u00e1g int\u00e9zm\u00e9ny\u00e9t is. <\/strong>A c\u00e9lja megval\u00f3s\u00edtani a hatalmasok sz\u00e1nd\u00e9k\u00e1t, az pedig az egy korm\u00e1ny, egy p\u00e9nznem \u00e9s egy vall\u00e1s, amely azonban a d\u00e9monokat \u00e9s a s\u00e1t\u00e1nt fogja tisztelni. Ez Bergoglio szinodalit\u00e1s\u00e1nak rejtett c\u00e9lja.<\/p><\/div><\/div><\/div><\/div><\/div><\/section><\/div><\/div><br><a class=\"btn btn-theme post-btn\" href=\"https:\/\/vkpatriarhat.org\/hu\/mi-rejtozik-a-szinodalitasrol\/\">\u0427\u0438\u0442\u0430\u0442\u0438 \u0434\u0430\u043b\u0456<\/a>","protected":false},"excerpt":{"rendered":"<p>2021.\u00a0okt\u00f3ber 9-\u00e9n \u00e9s 10-\u00e9n a Vatik\u00e1nban el kell kezd\u0151dnie a Szinodalit\u00e1sr\u00f3l sz\u00f3l\u00f3 zsinatnak. Ezekben a napokban jelent meg az el\u0151k\u00e9sz\u00edt\u0151 dokumentum \u00e9s az \u00fan. Vademecum. Ennek a dokumentumnak ugyanaz a lelkis\u00e9ge \u00e9s ugyanazt a sz\u00f3t\u00e1rat haszn\u00e1lja, mint a mainstream m\u00e9dia, amely az \u00faj NWO (\u00daj vil\u00e1grend) \u00e9s a New Age ideol\u00f3gi\u00e1j\u00e1t juttatja \u00e9rv\u00e9nyre. Olyan \u00e1lc\u00e1z\u00f3 [&hellip;]<\/p>\n","protected":false},"author":1,"featured_media":22268,"comment_status":"closed","ping_status":"closed","sticky":false,"template":"","format":"standard","meta":[],"categories":[40],"tags":[],"_links":{"self":[{"href":"https:\/\/vkpatriarhat.org\/hu\/wp-json\/wp\/v2\/posts\/22267"}],"collection":[{"href":"https:\/\/vkpatriarhat.org\/hu\/wp-json\/wp\/v2\/posts"}],"about":[{"href":"https:\/\/vkpatriarhat.org\/hu\/wp-json\/wp\/v2\/types\/post"}],"author":[{"embeddable":true,"href":"https:\/\/vkpatriarhat.org\/hu\/wp-json\/wp\/v2\/users\/1"}],"replies":[{"embeddable":true,"href":"https:\/\/vkpatriarhat.org\/hu\/wp-json\/wp\/v2\/comments?post=22267"}],"version-history":[{"count":6,"href":"https:\/\/vkpatriarhat.org\/hu\/wp-json\/wp\/v2\/posts\/22267\/revisions"}],"predecessor-version":[{"id":22275,"href":"https:\/\/vkpatriarhat.org\/hu\/wp-json\/wp\/v2\/posts\/22267\/revisions\/22275"}],"wp:featuredmedia":[{"embeddable":true,"href":"https:\/\/vkpatriarhat.org\/hu\/wp-json\/wp\/v2\/media\/22268"}],"wp:attachment":[{"href":"https:\/\/vkpatriarhat.org\/hu\/wp-json\/wp\/v2\/media?parent=22267"}],"wp:term":[{"taxonomy":"category","embeddable":true,"href":"https:\/\/vkpatriarhat.org\/hu\/wp-json\/wp\/v2\/categories?post=22267"},{"taxonomy":"post_tag","embeddable":true,"href":"https:\/\/vkpatriarhat.org\/hu\/wp-json\/wp\/v2\/tags?post=22267"}],"curies":[{"name":"wp","href":"https:\/\/api.w.org\/{rel}","templated":true}]}}