{"id":22228,"date":"2021-09-17T22:23:31","date_gmt":"2021-09-17T19:23:31","guid":{"rendered":"http:\/\/vkpatriarhat.org\/hu\/?p=22228"},"modified":"2021-09-17T22:26:59","modified_gmt":"2021-09-17T19:26:59","slug":"bergoglio-tekintelyet","status":"publish","type":"post","link":"https:\/\/vkpatriarhat.org\/hu\/bergoglio-tekintelyet\/","title":{"rendered":"BKP: Bergoglio tekint\u00e9ly\u00e9t egyed\u00fcl a klerik\u00e1lis balf\u00e1c\u00e1nok ismerik el"},"content":{"rendered":"\t\t<div data-elementor-type=\"wp-post\" data-elementor-id=\"22228\" class=\"elementor elementor-22228\" data-elementor-settings=\"[]\">\n\t\t\t\t\t\t\t<div class=\"elementor-section-wrap\">\n\t\t\t\t\t\t\t<section class=\"elementor-section elementor-top-section elementor-element elementor-element-219dc6c2 elementor-section-boxed elementor-section-height-default elementor-section-height-default\" data-id=\"219dc6c2\" data-element_type=\"section\">\n\t\t\t\t\t\t<div class=\"elementor-container elementor-column-gap-default\">\n\t\t\t\t\t<div class=\"elementor-column elementor-col-100 elementor-top-column elementor-element elementor-element-746ac587\" data-id=\"746ac587\" data-element_type=\"column\">\n\t\t\t<div class=\"elementor-widget-wrap elementor-element-populated\">\n\t\t\t\t\t\t\t\t<div class=\"elementor-element elementor-element-4042d1e2 elementor-widget elementor-widget-text-editor\" data-id=\"4042d1e2\" data-element_type=\"widget\" data-widget_type=\"text-editor.default\">\n\t\t\t\t<div class=\"elementor-widget-container\">\n\t\t\t\t\t\t\t<p style=\"text-align: justify;\">Ma, Szent kereszt felmagasztal\u00e1s\u00e1nak \u00fcnnep\u00e9n, a t\u00e9vtan\u00edt\u00f3 \u00e9s Pachamama tisztel\u0151j\u00e9nek jelenl\u00e9t\u00e9vel m\u00e9lyen meg lett szents\u00e9gtelen\u00edtve a keleti szent liturgia \u00e9s vele egy\u00fctt a szent kereszt is, m\u00e9gpedig Eperjesen. A kegyes kelet-szlov\u00e1kiaiak a vakcin\u00e1ci\u00f3s f\u0151papi balf\u00e1c\u00e1nok, Bober \u00e9s Babjak er\u0151s befoly\u00e1s\u00e1ra bevakcin\u00e1zott n\u00e9ma arcokk\u00e9nt lettek odahajtva erre a v\u00e1g\u00f3h\u00eddra. Mi m\u00e1snak is lehetne nevezni azt, amikor a k\u00eds\u00e9rleti vakcina lett a Bergoglio vezet\u00e9s\u00e9vel bemutatott Isteni Liturgi\u00e1n val\u00f3 r\u00e9szv\u00e9tel felt\u00e9tel\u00e9k\u00e9nt megszabva? Ez\u00e1ltal az Isteni Liturgia egyr\u00e9szt \u00e9rv\u00e9nytelen volt, m\u00e1sr\u00e9szt le lett degrad\u00e1lva.<\/p><\/div><\/div><\/div><\/div><\/div><\/section><\/div><\/div><br><a class=\"btn btn-theme post-btn\" href=\"https:\/\/vkpatriarhat.org\/hu\/bergoglio-tekintelyet\/\">\u0427\u0438\u0442\u0430\u0442\u0438 \u0434\u0430\u043b\u0456<\/a>","protected":false},"excerpt":{"rendered":"<p>Ma, Szent kereszt felmagasztal\u00e1s\u00e1nak \u00fcnnep\u00e9n, a t\u00e9vtan\u00edt\u00f3 \u00e9s Pachamama tisztel\u0151j\u00e9nek jelenl\u00e9t\u00e9vel m\u00e9lyen meg lett szents\u00e9gtelen\u00edtve a keleti szent liturgia \u00e9s vele egy\u00fctt a szent kereszt is, m\u00e9gpedig Eperjesen. A kegyes kelet-szlov\u00e1kiaiak a vakcin\u00e1ci\u00f3s f\u0151papi balf\u00e1c\u00e1nok, Bober \u00e9s Babjak er\u0151s befoly\u00e1s\u00e1ra bevakcin\u00e1zott n\u00e9ma arcokk\u00e9nt lettek odahajtva erre a v\u00e1g\u00f3h\u00eddra. Mi m\u00e1snak is lehetne nevezni azt, amikor [&hellip;]<\/p>\n","protected":false},"author":1,"featured_media":22229,"comment_status":"closed","ping_status":"closed","sticky":false,"template":"","format":"standard","meta":[],"categories":[40],"tags":[],"_links":{"self":[{"href":"https:\/\/vkpatriarhat.org\/hu\/wp-json\/wp\/v2\/posts\/22228"}],"collection":[{"href":"https:\/\/vkpatriarhat.org\/hu\/wp-json\/wp\/v2\/posts"}],"about":[{"href":"https:\/\/vkpatriarhat.org\/hu\/wp-json\/wp\/v2\/types\/post"}],"author":[{"embeddable":true,"href":"https:\/\/vkpatriarhat.org\/hu\/wp-json\/wp\/v2\/users\/1"}],"replies":[{"embeddable":true,"href":"https:\/\/vkpatriarhat.org\/hu\/wp-json\/wp\/v2\/comments?post=22228"}],"version-history":[{"count":6,"href":"https:\/\/vkpatriarhat.org\/hu\/wp-json\/wp\/v2\/posts\/22228\/revisions"}],"predecessor-version":[{"id":22236,"href":"https:\/\/vkpatriarhat.org\/hu\/wp-json\/wp\/v2\/posts\/22228\/revisions\/22236"}],"wp:featuredmedia":[{"embeddable":true,"href":"https:\/\/vkpatriarhat.org\/hu\/wp-json\/wp\/v2\/media\/22229"}],"wp:attachment":[{"href":"https:\/\/vkpatriarhat.org\/hu\/wp-json\/wp\/v2\/media?parent=22228"}],"wp:term":[{"taxonomy":"category","embeddable":true,"href":"https:\/\/vkpatriarhat.org\/hu\/wp-json\/wp\/v2\/categories?post=22228"},{"taxonomy":"post_tag","embeddable":true,"href":"https:\/\/vkpatriarhat.org\/hu\/wp-json\/wp\/v2\/tags?post=22228"}],"curies":[{"name":"wp","href":"https:\/\/api.w.org\/{rel}","templated":true}]}}