{"id":22074,"date":"2021-08-31T10:23:30","date_gmt":"2021-08-31T07:23:30","guid":{"rendered":"http:\/\/vkpatriarhat.org\/hu\/?p=22074"},"modified":"2022-02-16T12:28:53","modified_gmt":"2022-02-16T09:28:53","slug":"het-imadsagos-megallas-napkozben","status":"publish","type":"post","link":"https:\/\/vkpatriarhat.org\/hu\/het-imadsagos-megallas-napkozben\/","title":{"rendered":"H\u00c9T IM\u00c1DS\u00c1GOS MEG\u00c1LL\u00c1S NAPK\u00d6ZBEN"},"content":{"rendered":"\t\t<div data-elementor-type=\"wp-post\" data-elementor-id=\"22074\" class=\"elementor elementor-22074\" data-elementor-settings=\"[]\">\n\t\t\t\t\t\t\t<div class=\"elementor-section-wrap\">\n\t\t\t\t\t\t\t<section class=\"elementor-section elementor-top-section elementor-element elementor-element-37b3ad11 elementor-section-boxed elementor-section-height-default elementor-section-height-default\" data-id=\"37b3ad11\" data-element_type=\"section\">\n\t\t\t\t\t\t<div class=\"elementor-container elementor-column-gap-default\">\n\t\t\t\t\t<div class=\"elementor-column elementor-col-100 elementor-top-column elementor-element elementor-element-3f0eb5e4\" data-id=\"3f0eb5e4\" data-element_type=\"column\">\n\t\t\t<div class=\"elementor-widget-wrap elementor-element-populated\">\n\t\t\t\t\t\t\t\t<div class=\"elementor-element elementor-element-2380b8ce elementor-widget elementor-widget-text-editor\" data-id=\"2380b8ce\" data-element_type=\"widget\" data-widget_type=\"text-editor.default\">\n\t\t\t\t<div class=\"elementor-widget-container\">\n\t\t\t\t\t\t\t<p style=\"text-align: justify;\">\u00cdgy sz\u00f3l az Ige: <em>\u201e H\u00e9tszer naponta\u2026\u201c<\/em> (Zsolt 119,164) Az \u00f3sz\u00f6vets\u00e9gi \u00e9s az \u00fajsz\u00f6vets\u00e9gi egyh\u00e1zi hagyom\u00e1ny meg\u0151rizte az im\u00e1dkoz\u00e1s napi ritmus\u00e1t. Szent P\u00e1l \u00e9s a t\u00f6bbi apostol is betartotta ezt a ritmust. Hasonl\u00f3an Szent Bazil is hangs\u00falyozta a kereszt\u00e9nyeknek\u00a0 a napk\u00f6zbeni\u00a0 im\u00e1ds\u00e1gos meg\u00e1ll\u00e1sok sz\u00fcks\u00e9gess\u00e9g\u00e9t. Sajnos a kereszt\u00e9nyek manaps\u00e1g nem tartj\u00e1k be az Istennel val\u00f3 kapcsolattart\u00e1s napi ritmus\u00e1t.<\/p><p style=\"text-align: justify;\">Sok im\u00e1ds\u00e1g \u00e9s keres\u00e9s ut\u00e1n, hogy hogyan lehetne mai kor sz\u00e1m\u00e1ra id\u0151szer\u0171v\u00e9 tenni az egyh\u00e1zi hagyom\u00e1nyt, mutatjuk be ezt a m\u00e1r kipr\u00f3b\u00e1lt im\u00e1dkoz\u00e1si m\u00f3dot. Im\u00e1ds\u00e1g felkel\u00e9skor, 9,00-kor, 12,00-kor, 15,00-kor, 18,00-kor, 21,00-kor, lefekv\u00e9skor (azaz 7 x naponta). Mit im\u00e1dkozzunk \u00e9s mi\u00e9rt?<\/p><p style=\"text-align: center;\"><em><strong><span style=\"color: #401616;\">+ Az Atya, a Fi\u00fa \u00e9s a Szentl\u00e9lek nev\u00e9ben. \u00c1men.<\/span><\/strong><\/em><\/p><p style=\"text-align: center;\"><em><strong><span style=\"color: #401616;\">\u201eEffatha! (Ny\u00edlj meg!)<\/span><\/strong><\/em><em><strong><span style=\"color: #401616;\"> \u201e\u00d6nk\u00e9nyesked\u0151 vagyok. Hedonista vagyok! \u00cdt\u00e9lkez\u0151 vagyok!\u201c<\/span><\/strong><\/em><\/p><p style=\"text-align: center;\"><em><strong><span style=\"color: #401616;\">\u201eMarana tha!\u201c (J\u00f6jj, Uram!)<\/span><\/strong><\/em><em><strong><span style=\"color: #401616;\"> \u201eJ\u00e9zus, J\u00e9zus, J\u00e9zus, k\u00f6ny\u00f6r\u00fclj rajtam!\u201c <\/span><\/strong><\/em><strong><span style=\"color: #401616;\">(5x)<\/span><\/strong><\/p><p style=\"text-align: center;\"><em><strong><span style=\"color: #401616;\">\u201eS\u00f6m\u00e1, (Halld!) Izr\u00e1el, szeresd az Urat! J\u00e9zus, \u00e9n Istenem, szeretlek T\u00e9ged teljes sz\u00edvemb\u0151l, teljes lelkemb\u0151l \u00e9s teljes er\u0151mb\u0151l! \u00cdme elvesztem \u00e9letem Te\u00e9retted \u00e9s az evang\u00e9lium\u00e9rt.<\/span><\/strong><\/em><em><strong><span style=\"color: #401616;\">\u201c\u00a0 <\/span><\/strong><\/em><\/p><p style=\"text-align: center;\"><strong><span style=\"color: #401616;\"><u>Az \u00c9let Ig\u00e9je<\/u>: (<u>a Szent\u00edr\u00e1sb\u00f3l vett id\u00e9zet<\/u> 14 naponk\u00e9nt egyszer v\u00e1ltozik, az id\u00e9zetet 3x meg kell ism\u00e9telni)<\/span><\/strong><\/p><p style=\"text-align: center;\"><em><strong><span style=\"color: #401616;\">\u201eMostant\u00f3l mindezt megcselekszem + Az Atya, a\u00a0Fi\u00fa \u00e9s a\u00a0Szentl\u00e9lek nev\u00e9ben.\u201c <\/span><\/strong><\/em><strong><span style=\"color: #401616;\">(3x)<\/span><\/strong><\/p><\/div><\/div><\/div><\/div><\/div><\/section><\/div><\/div><br><a class=\"btn btn-theme post-btn\" href=\"https:\/\/vkpatriarhat.org\/hu\/het-imadsagos-megallas-napkozben\/\">\u0427\u0438\u0442\u0430\u0442\u0438 \u0434\u0430\u043b\u0456<\/a>","protected":false},"excerpt":{"rendered":"<p>\u00cdgy sz\u00f3l az Ige: \u201e H\u00e9tszer naponta\u2026\u201c (Zsolt 119,164) Az \u00f3sz\u00f6vets\u00e9gi \u00e9s az \u00fajsz\u00f6vets\u00e9gi egyh\u00e1zi hagyom\u00e1ny meg\u0151rizte az im\u00e1dkoz\u00e1s napi ritmus\u00e1t. Szent P\u00e1l \u00e9s a t\u00f6bbi apostol is betartotta ezt a ritmust. Hasonl\u00f3an Szent Bazil is hangs\u00falyozta a kereszt\u00e9nyeknek\u00a0 a napk\u00f6zbeni\u00a0 im\u00e1ds\u00e1gos meg\u00e1ll\u00e1sok sz\u00fcks\u00e9gess\u00e9g\u00e9t. Sajnos a kereszt\u00e9nyek manaps\u00e1g nem tartj\u00e1k be az Istennel val\u00f3 kapcsolattart\u00e1s [&hellip;]<\/p>\n","protected":false},"author":1,"featured_media":22076,"comment_status":"closed","ping_status":"closed","sticky":false,"template":"","format":"standard","meta":[],"categories":[89],"tags":[],"_links":{"self":[{"href":"https:\/\/vkpatriarhat.org\/hu\/wp-json\/wp\/v2\/posts\/22074"}],"collection":[{"href":"https:\/\/vkpatriarhat.org\/hu\/wp-json\/wp\/v2\/posts"}],"about":[{"href":"https:\/\/vkpatriarhat.org\/hu\/wp-json\/wp\/v2\/types\/post"}],"author":[{"embeddable":true,"href":"https:\/\/vkpatriarhat.org\/hu\/wp-json\/wp\/v2\/users\/1"}],"replies":[{"embeddable":true,"href":"https:\/\/vkpatriarhat.org\/hu\/wp-json\/wp\/v2\/comments?post=22074"}],"version-history":[{"count":15,"href":"https:\/\/vkpatriarhat.org\/hu\/wp-json\/wp\/v2\/posts\/22074\/revisions"}],"predecessor-version":[{"id":23065,"href":"https:\/\/vkpatriarhat.org\/hu\/wp-json\/wp\/v2\/posts\/22074\/revisions\/23065"}],"wp:featuredmedia":[{"embeddable":true,"href":"https:\/\/vkpatriarhat.org\/hu\/wp-json\/wp\/v2\/media\/22076"}],"wp:attachment":[{"href":"https:\/\/vkpatriarhat.org\/hu\/wp-json\/wp\/v2\/media?parent=22074"}],"wp:term":[{"taxonomy":"category","embeddable":true,"href":"https:\/\/vkpatriarhat.org\/hu\/wp-json\/wp\/v2\/categories?post=22074"},{"taxonomy":"post_tag","embeddable":true,"href":"https:\/\/vkpatriarhat.org\/hu\/wp-json\/wp\/v2\/tags?post=22074"}],"curies":[{"name":"wp","href":"https:\/\/api.w.org\/{rel}","templated":true}]}}