{"id":22066,"date":"2021-08-31T09:56:31","date_gmt":"2021-08-31T06:56:31","guid":{"rendered":"http:\/\/vkpatriarhat.org\/hu\/?p=22066"},"modified":"2021-08-31T10:02:12","modified_gmt":"2021-08-31T07:02:12","slug":"imaorseg-szuntelen-imadsag","status":"publish","type":"post","link":"https:\/\/vkpatriarhat.org\/hu\/imaorseg-szuntelen-imadsag\/","title":{"rendered":"Ima\u0151rs\u00e9g (sz\u00fcntelen im\u00e1ds\u00e1g)"},"content":{"rendered":"\t\t<div data-elementor-type=\"wp-post\" data-elementor-id=\"22066\" class=\"elementor elementor-22066\" data-elementor-settings=\"[]\">\n\t\t\t\t\t\t\t<div class=\"elementor-section-wrap\">\n\t\t\t\t\t\t\t<section class=\"elementor-section elementor-top-section elementor-element elementor-element-2ac2209d elementor-section-boxed elementor-section-height-default elementor-section-height-default\" data-id=\"2ac2209d\" data-element_type=\"section\">\n\t\t\t\t\t\t<div class=\"elementor-container elementor-column-gap-default\">\n\t\t\t\t\t<div class=\"elementor-column elementor-col-100 elementor-top-column elementor-element elementor-element-1eb626f\" data-id=\"1eb626f\" data-element_type=\"column\">\n\t\t\t<div class=\"elementor-widget-wrap elementor-element-populated\">\n\t\t\t\t\t\t\t\t<div class=\"elementor-element elementor-element-76f560d1 elementor-widget elementor-widget-text-editor\" data-id=\"76f560d1\" data-element_type=\"widget\" data-widget_type=\"text-editor.default\">\n\t\t\t\t<div class=\"elementor-widget-container\">\n\t\t\t\t\t\t\t<p style=\"margin: 0cm 0cm 8pt; text-align: justify;\"><span lang=\"UK\" style=\"color: black;\">A Biz\u00e1nci Katolikus Patriarch\u00e1tus arra buzd\u00edtja a kereszt\u00e9nyeket, hogy sz\u00fcntelen im\u00e1ds\u00e1gban forduljanak Istenhez. \u0150 ad nektek b\u00f6lcsess\u00e9get \u00e9s b\u00e1tors\u00e1got a s\u00f6t\u00e9ts\u00e9g d\u00e9moni er\u0151i elleni harchoz. \u0150 a ti hitetek \u00e1ltal menti meg a ti nemzeteteket. Ez\u00e9rt alak\u00edtsatok ima\u0151rs\u00e9geket. Mindenki im\u00e1dkozzon naponta egy szent \u00f3r\u00e1t 20 \u00f3r\u00e1t\u00f3l 21 \u00f3r\u00e1ig egy \u00e9ven kereszt\u00fcl. Majd tov\u00e1bbi 23 ember v\u00e1llalja el a nap fennmarad\u00f3 23 \u00f3r\u00e1j\u00e1t, ez k\u00e9pez egy ima\u0151rs\u00e9get, akik egy h\u00e9ten kereszt\u00fcl im\u00e1dkoznak.<\/span><\/p><\/div><\/div><\/div><\/div><\/div><\/section><\/div><\/div><br><a class=\"btn btn-theme post-btn\" href=\"https:\/\/vkpatriarhat.org\/hu\/imaorseg-szuntelen-imadsag\/\">\u0427\u0438\u0442\u0430\u0442\u0438 \u0434\u0430\u043b\u0456<\/a>","protected":false},"excerpt":{"rendered":"<p>A Biz\u00e1nci Katolikus Patriarch\u00e1tus arra buzd\u00edtja a kereszt\u00e9nyeket, hogy sz\u00fcntelen im\u00e1ds\u00e1gban forduljanak Istenhez. \u0150 ad nektek b\u00f6lcsess\u00e9get \u00e9s b\u00e1tors\u00e1got a s\u00f6t\u00e9ts\u00e9g d\u00e9moni er\u0151i elleni harchoz. \u0150 a ti hitetek \u00e1ltal menti meg a ti nemzeteteket. Ez\u00e9rt alak\u00edtsatok ima\u0151rs\u00e9geket. Mindenki im\u00e1dkozzon naponta egy szent \u00f3r\u00e1t 20 \u00f3r\u00e1t\u00f3l 21 \u00f3r\u00e1ig egy \u00e9ven kereszt\u00fcl. Majd tov\u00e1bbi 23 ember [&hellip;]<\/p>\n","protected":false},"author":1,"featured_media":22067,"comment_status":"closed","ping_status":"closed","sticky":false,"template":"","format":"standard","meta":[],"categories":[140],"tags":[],"_links":{"self":[{"href":"https:\/\/vkpatriarhat.org\/hu\/wp-json\/wp\/v2\/posts\/22066"}],"collection":[{"href":"https:\/\/vkpatriarhat.org\/hu\/wp-json\/wp\/v2\/posts"}],"about":[{"href":"https:\/\/vkpatriarhat.org\/hu\/wp-json\/wp\/v2\/types\/post"}],"author":[{"embeddable":true,"href":"https:\/\/vkpatriarhat.org\/hu\/wp-json\/wp\/v2\/users\/1"}],"replies":[{"embeddable":true,"href":"https:\/\/vkpatriarhat.org\/hu\/wp-json\/wp\/v2\/comments?post=22066"}],"version-history":[{"count":5,"href":"https:\/\/vkpatriarhat.org\/hu\/wp-json\/wp\/v2\/posts\/22066\/revisions"}],"predecessor-version":[{"id":22073,"href":"https:\/\/vkpatriarhat.org\/hu\/wp-json\/wp\/v2\/posts\/22066\/revisions\/22073"}],"wp:featuredmedia":[{"embeddable":true,"href":"https:\/\/vkpatriarhat.org\/hu\/wp-json\/wp\/v2\/media\/22067"}],"wp:attachment":[{"href":"https:\/\/vkpatriarhat.org\/hu\/wp-json\/wp\/v2\/media?parent=22066"}],"wp:term":[{"taxonomy":"category","embeddable":true,"href":"https:\/\/vkpatriarhat.org\/hu\/wp-json\/wp\/v2\/categories?post=22066"},{"taxonomy":"post_tag","embeddable":true,"href":"https:\/\/vkpatriarhat.org\/hu\/wp-json\/wp\/v2\/tags?post=22066"}],"curies":[{"name":"wp","href":"https:\/\/api.w.org\/{rel}","templated":true}]}}