{"id":20698,"date":"2021-07-21T18:37:37","date_gmt":"2021-07-21T15:37:37","guid":{"rendered":"http:\/\/vkpatriarhat.org\/hu\/?p=20698"},"modified":"2025-04-30T22:55:48","modified_gmt":"2025-04-30T19:55:48","slug":"zsinati-folyamat-vagy","status":"publish","type":"post","link":"https:\/\/vkpatriarhat.org\/hu\/zsinati-folyamat-vagy\/","title":{"rendered":"Zsinati folyamat vagy a p\u00e1pas\u00e1g int\u00e9zm\u00e9ny\u00e9nek megsz\u00fcntet\u00e9se. Bergoglio l\u00e1togat\u00e1sa a V4-ben &#8211; Magyarorsz\u00e1gon \u00e9s Szlov\u00e1ki\u00e1ban"},"content":{"rendered":"\t\t<div data-elementor-type=\"wp-post\" data-elementor-id=\"20698\" class=\"elementor elementor-20698\" data-elementor-settings=\"[]\">\n\t\t\t\t\t\t\t<div class=\"elementor-section-wrap\">\n\t\t\t\t\t\t\t<section class=\"elementor-section elementor-top-section elementor-element elementor-element-5dba0774 elementor-section-boxed elementor-section-height-default elementor-section-height-default\" data-id=\"5dba0774\" data-element_type=\"section\">\n\t\t\t\t\t\t<div class=\"elementor-container elementor-column-gap-default\">\n\t\t\t\t\t<div class=\"elementor-column elementor-col-100 elementor-top-column elementor-element elementor-element-47d7e3b7\" data-id=\"47d7e3b7\" data-element_type=\"column\">\n\t\t\t<div class=\"elementor-widget-wrap elementor-element-populated\">\n\t\t\t\t\t\t\t\t<div class=\"elementor-element elementor-element-6b108507 elementor-widget elementor-widget-text-editor\" data-id=\"6b108507\" data-element_type=\"widget\" data-widget_type=\"text-editor.default\">\n\t\t\t\t<div class=\"elementor-widget-container\">\n\t\t\t\t\t\t\t<p style=\"text-align: justify;\">Okt\u00f3ber 9-\u00e9n \u00e9s 10-\u00e9n k\u00e9t\u00e9ves, soha nem l\u00e1tott zsinati folyamat kezd\u0151dik a Vatik\u00e1nban, amelynek cs\u00facspontja 2023 okt\u00f3ber\u00e9ben a p\u00e1pas\u00e1g t\u00e9nyleges elt\u00f6rl\u00e9s\u00e9vel \u00e9s a katolikus egyh\u00e1z sz\u00e9tes\u00e9s\u00e9vel \u00e1ll a New Age\u00a0 fel\u00e9 val\u00f3 \u00e1tt\u00e9r\u00e9s \u00e9rdek\u00e9ben. Ez a sz\u00e1nd\u00e9k azonban rejtve van. Ill\u00e9s p\u00e1tri\u00e1rka t\u00f6bb mint egy \u00f3r\u00e1n \u00e1t t\u00fczes m\u00f3don tartott besz\u00e9d\u00e9ben nemcsak Bergoglio zsinati folyamat\u00e1nak rejtett sz\u00e1nd\u00e9kait t\u00e1rja fel, hanem mindenekel\u0151tt egy ment\u00e9si megold\u00e1sra mutat. Ez els\u0151 l\u00e1t\u00e1sra nagyon paradoxnak t\u0171nhet, de ez az \u00fcdv\u00f6ss\u00e9g eredeti m\u00f3dja.<\/p><div style=\"text-align: center;\"><p><script>!function(r,u,m,b,l,e){r._Rumble=b,r[b]||(r[b]=function(){(r[b]._=r[b]._||[]).push(arguments);if(r[b]._.length==1){l=u.createElement(m),e=u.getElementsByTagName(m)[0],l.async=1,l.src=\"https:\/\/rumble.com\/embedJS\/uf1ws9\"+(arguments[1].video?'.'+arguments[1].video:'')+\"\/?url=\"+encodeURIComponent(location.href)+\"&args=\"+encodeURIComponent(JSON.stringify([].slice.apply(arguments))),e.parentNode.insertBefore(l,e)}})}(window, document, \"script\", \"Rumble\");<\/script><\/p><div id=\"rumble_vh3f75\">\u00a0<\/div><p><script>\nRumble(\"play\", {\"video\":\"vh3f75\",\"div\":\"rumble_vh3f75\"});<\/script><\/p><\/div><p style=\"text-align: center;\"><em><strong><span style=\"color: #3b0101;\">Ezt a vide\u00f3t megn\u00e9zheted itt is:<\/span> <span style=\"color: #800000;\"><a href=\"https:\/\/rumble.com\/vjplcf-zsinati-folyamat.html\">https:\/\/rumble.com\/vjplcf-zsinati-folyamat.html<\/a>\u00a0 \u00a0<\/span><\/strong><\/em><br \/><span style=\"color: #800000;\"><em><strong><a href=\"https:\/\/www.bitchute.com\/video\/VnK8Ir6m6FGx\/\">https:\/\/www.bitchute.com\/video\/VnK8Ir6m6FGx\/<\/a>\u00a0 \u00a0<\/strong><\/em><\/span><br \/><span style=\"color: #800000;\"><em><strong><a href=\"https:\/\/ugetube.com\/watch\/2Ln2Q5ASef8Y6DI\">https:\/\/ugetube.com\/watch\/2Ln2Q5ASef8Y6DI<\/a>\u00a0 \u00a0<\/strong><\/em><\/span><\/p><p><\/p><\/div><\/div><\/div><\/div><\/div><\/section><\/div><\/div><br><a class=\"btn btn-theme post-btn\" href=\"https:\/\/vkpatriarhat.org\/hu\/zsinati-folyamat-vagy\/\">\u0427\u0438\u0442\u0430\u0442\u0438 \u0434\u0430\u043b\u0456<\/a>","protected":false},"excerpt":{"rendered":"<p>Okt\u00f3ber 9-\u00e9n \u00e9s 10-\u00e9n k\u00e9t\u00e9ves, soha nem l\u00e1tott zsinati folyamat kezd\u0151dik a Vatik\u00e1nban, amelynek cs\u00facspontja 2023 okt\u00f3ber\u00e9ben a p\u00e1pas\u00e1g t\u00e9nyleges elt\u00f6rl\u00e9s\u00e9vel \u00e9s a katolikus egyh\u00e1z sz\u00e9tes\u00e9s\u00e9vel \u00e1ll a New Age\u00a0 fel\u00e9 val\u00f3 \u00e1tt\u00e9r\u00e9s \u00e9rdek\u00e9ben. Ez a sz\u00e1nd\u00e9k azonban rejtve van. Ill\u00e9s p\u00e1tri\u00e1rka t\u00f6bb mint egy \u00f3r\u00e1n \u00e1t t\u00fczes m\u00f3don tartott besz\u00e9d\u00e9ben nemcsak Bergoglio zsinati folyamat\u00e1nak [&hellip;]<\/p>\n","protected":false},"author":1,"featured_media":21719,"comment_status":"closed","ping_status":"closed","sticky":false,"template":"","format":"standard","meta":[],"categories":[68,77,40,49,85],"tags":[],"_links":{"self":[{"href":"https:\/\/vkpatriarhat.org\/hu\/wp-json\/wp\/v2\/posts\/20698"}],"collection":[{"href":"https:\/\/vkpatriarhat.org\/hu\/wp-json\/wp\/v2\/posts"}],"about":[{"href":"https:\/\/vkpatriarhat.org\/hu\/wp-json\/wp\/v2\/types\/post"}],"author":[{"embeddable":true,"href":"https:\/\/vkpatriarhat.org\/hu\/wp-json\/wp\/v2\/users\/1"}],"replies":[{"embeddable":true,"href":"https:\/\/vkpatriarhat.org\/hu\/wp-json\/wp\/v2\/comments?post=20698"}],"version-history":[{"count":21,"href":"https:\/\/vkpatriarhat.org\/hu\/wp-json\/wp\/v2\/posts\/20698\/revisions"}],"predecessor-version":[{"id":26502,"href":"https:\/\/vkpatriarhat.org\/hu\/wp-json\/wp\/v2\/posts\/20698\/revisions\/26502"}],"wp:featuredmedia":[{"embeddable":true,"href":"https:\/\/vkpatriarhat.org\/hu\/wp-json\/wp\/v2\/media\/21719"}],"wp:attachment":[{"href":"https:\/\/vkpatriarhat.org\/hu\/wp-json\/wp\/v2\/media?parent=20698"}],"wp:term":[{"taxonomy":"category","embeddable":true,"href":"https:\/\/vkpatriarhat.org\/hu\/wp-json\/wp\/v2\/categories?post=20698"},{"taxonomy":"post_tag","embeddable":true,"href":"https:\/\/vkpatriarhat.org\/hu\/wp-json\/wp\/v2\/tags?post=20698"}],"curies":[{"name":"wp","href":"https:\/\/api.w.org\/{rel}","templated":true}]}}