{"id":20417,"date":"2021-05-16T19:34:41","date_gmt":"2021-05-16T16:34:41","guid":{"rendered":"http:\/\/vkpatriarhat.org\/hu\/?p=20417"},"modified":"2021-05-16T21:58:58","modified_gmt":"2021-05-16T18:58:58","slug":"miert-akar-ferenc-bergoglio-ellatogatni-magyarorszagra-in-hungarian","status":"publish","type":"post","link":"https:\/\/vkpatriarhat.org\/hu\/miert-akar-ferenc-bergoglio-ellatogatni-magyarorszagra-in-hungarian\/","title":{"rendered":"Mi\u00e9rt akar Ferenc Bergoglio ell\u00e1togatni Magyarorsz\u00e1gra? \/in Hungarian\/"},"content":{"rendered":"<h5 style=\"text-align: justify;\"><em><strong>29.4.2021<\/strong><\/em><\/h5>\n<p style=\"text-align: justify;\"><a href=\"http:\/\/vkpatriarhat.org\/hu\/wp-content\/uploads\/2021\/05\/en.Why-does-Francis-Bergoglio-want-to-visit-Hungary.jpg\"><img loading=\"lazy\" class=\"alignleft wp-image-20390\" src=\"http:\/\/vkpatriarhat.org\/hu\/wp-content\/uploads\/2021\/05\/en.Why-does-Francis-Bergoglio-want-to-visit-Hungary-300x200.jpg\" alt=\"\" width=\"250\" height=\"167\" srcset=\"https:\/\/vkpatriarhat.org\/hu\/wp-content\/uploads\/2021\/05\/en.Why-does-Francis-Bergoglio-want-to-visit-Hungary-300x200.jpg 300w, https:\/\/vkpatriarhat.org\/hu\/wp-content\/uploads\/2021\/05\/en.Why-does-Francis-Bergoglio-want-to-visit-Hungary.jpg 630w\" sizes=\"(max-width: 250px) 100vw, 250px\" \/><\/a>Tisztelt Minisztereln\u00f6k \u00dar!<\/p>\n<p style=\"text-align: justify;\">Tisztelt korm\u00e1nytisztvisel\u0151k!<\/p>\n<p style=\"text-align: justify;\">Tisztelt magyar \u00e1llampolg\u00e1rok,<\/p>\n<p style=\"text-align: justify;\">Bergoglio az \u00fagynevezett eucharisztikus kongresszus \u00fcr\u00fcgy\u00e9n 2021. szeptember 12-re tervezett magyarorsz\u00e1gi l\u00e1togat\u00e1st. Fel kell ismerni, hogy ki az a Bergoglio, az \u00fagynevezett Ferenc p\u00e1pa, \u00e9s mit t\u00e1mogat. <strong>Vajon Bergoglio \u00e9rv\u00e9nyes p\u00e1pa Isten el\u0151tt \u00e9s az egyh\u00e1z el\u0151tt? \u0150 nem! \u0150 eretik, aki\u00a0kiz\u00e1rta mag\u00e1t az egyh\u00e1zb\u00f3l.<\/strong> Nyilv\u00e1nosan t\u00e1mogatja a homoszexualit\u00e1st \u00e9s a szodomita sz\u00f6vets\u00e9gek legaliz\u00e1l\u00e1s\u00e1t (2020). Isten azzal fenyeget, hogy ezt a perverzi\u00f3t \u00e9gi t\u0171zzel (2Pet 2: 6) \u00e9s \u00f6r\u00f6k t\u0171zzel (Jud 1: 7) b\u00fcnteti. A szod\u00f3mia el\u0151mozd\u00edt\u00e1sa \u00e9rdek\u00e9ben Bergoglio Isteni anathema \u00a0&#8211; az Egyh\u00e1zb\u00f3l val\u00f3 kik\u00f6z\u00f6s\u00edt\u00e9s &#8211; alatt \u00e1ll a Gal 1: 8-9 szerint.<!--more--><\/p>\n<p style=\"text-align: justify;\">Bergoglio tr\u00f3nra helyezte a Pachamama d\u00e9mont k\u00f6zvetlen\u00fcl a Vatik\u00e1nban. A Gal 1: 8-9 szerint Isteni anathema &#8211; kik\u00f6z\u00f6s\u00edt\u00e9s, \u00e1tok &#8211; alatt \u00e1ll \u00a0ez\u00e9rt az els\u0151 parancsolat elleni b\u0171n\u00e9rt is.<\/p>\n<p style=\"text-align: justify;\">A val\u00f3di orvosszak\u00e9rt\u0151k s\u00fcrg\u0151s figyelmeztet\u00e9se ellen\u00e9re Bergoglio egy vesz\u00e9lyes mRNS-vakcin\u00e1t n\u00e9pszer\u0171s\u00edt, amely megv\u00e1ltoztatja az emberi gen\u00f3mot \u00e9s az emberi faj kiirt\u00e1s\u00e1hoz vezet. Ez a vakcina tartalmaz m\u00e9g abort\u00e1lt gyermekt\u0151l m\u00e9g \u00e9let\u00e9ben kiszak\u00edtott sz\u00f6vetet is, ami a s\u00e1t\u00e1nizmus megnyilv\u00e1nul\u00e1sa. Ezenk\u00edv\u00fcl az mRNS vakcina az emberis\u00e9g chipiz\u00e1l\u00e1s\u00e1nak r\u00e9sze, amelyet a Biblia szerint a t\u0171z tav\u00e1val fognak megb\u00fcntetni (Jel 14 \u00e9s 19). Az olt\u00e1s az elit napirendj\u00e9nek r\u00e9sze, amelynek c\u00e9lja az emberis\u00e9g n\u00e9pirt\u00e1sa &#8211; az \u00fagynevezett aranymilli\u00e1rdra val\u00f3 cs\u00f6kkent\u00e9s. Bergoglio hevesen el\u0151seg\u00edti ezt az emberis\u00e9g elleni b\u0171ncselekm\u00e9nyt. Gates azt mondta: &#8220;Ha nagyszer\u0171 munk\u00e1t v\u00e9gz\u00fcnk az olt\u00e1sokkal kapcsolatban, akkor a lakoss\u00e1g sz\u00e1m\u00e1t 10-15% -kal cs\u00f6kkenthetj\u00fck.&#8221; Bergogli\u00f3t anat\u00e9ma &#8211; \u00e1tok &#8211; \u00e9ri az emberis\u00e9g n\u00e9pirt\u00e1s\u00e1nak eme aljas el\u0151mozd\u00edt\u00e1sa miatt is. Ez\u00e9rt arra a k\u00e9rd\u00e9sre, hogy ki az a Bergoglio, v\u00e1laszolhatunk: vall\u00e1si csal\u00f3 \u00e9s heretikus elfoglalja a p\u00e1pai hivatalt, \u00e9s vissza\u00e9l azzal \u00a0,Isten, az egyh\u00e1z \u00e9s az emberis\u00e9g ellen. Val\u00f3j\u00e1ban Isten szem\u00e9ben nem \u0151 a katolikus egyh\u00e1z feje, mert az egyh\u00e1zat nem vezetheti az, aki kiz\u00e1rta mag\u00e1t ebb\u0151l, nyilv\u00e1nosan szolg\u00e1lja az antikrisztust \u00e9s el\u0151seg\u00edti a\u00a0s\u00e1t\u00e1n uralm\u00e1t. Aki J\u00e9zus Krisztus ellens\u00e9g\u00e9t p\u00e1pak\u00e9nt ismeri fel \u00e9s t\u00e1mogatja, r\u00e9szt vesz b\u0171ncselekm\u00e9nyeiben. Bergoglio magyarorsz\u00e1gi l\u00e1togat\u00e1sa ez\u00e9rt nem k\u00edv\u00e1natos. Magyarorsz\u00e1g ellen\u00e1ll a globaliz\u00e1ci\u00f3 \u00e9s az iszlamiz\u00e1ci\u00f3 folyamat\u00e1nak. Bergoglio azzal a sz\u00e1nd\u00e9kkal \u00e9rkezik, hogy a vall\u00e1si \u00fcnnepet saj\u00e1t, valamint Soros \u00e9s Gates c\u00e9ljainak, vagyis Magyarorsz\u00e1g lelki \u00e9s fizikai puszt\u00edt\u00e1s\u00e1nak \u00e9rdek\u00e9ben haszn\u00e1lja fel. L\u00e1togat\u00e1s\u00e1nak meg kell kezdenie ezt a folyamatot.<\/p>\n<p style=\"text-align: justify;\">Ismeretes, hogy azok az orsz\u00e1gok, amelyeket Bergoglio felkeres, a nemzet sz\u00e1m\u00e1ra nemk\u00edv\u00e1natos rejtett vagy ny\u00edlt puccsmechanizmusok hatalma al\u00e1 ker\u00fclnek. Megnyilnak a globaliz\u00e1ci\u00f3s folyamatok el\u0151tt, mint p\u00e9ld\u00e1ul a homoszexualit\u00e1s, a nemi ideol\u00f3gia vagy a szexu\u00e1lis nevel\u00e9s. Bergoglio megt\u00f6ri a kereszt\u00e9ny nemzetek szellemi gy\u00f6kereit \u00e9s megnyitja \u0151ket a s\u00e1t\u00e1n el\u0151tt. Sz\u00f3 szerint d\u00e9monok l\u00e9gi\u00f3it hozza be az adott ter\u00fcletekre, amelyeket hamarosan felismernek a gy\u00fcm\u00f6lcseir\u0151l. Ma a globaliz\u00e1ci\u00f3val \u00f6sszef\u00fcgg\u00e9sben f\u0151leg az olt\u00e1st n\u00e9pszer\u0171s\u00edti. Neh\u00e9z v\u00e9dekezni ellene, mert a p\u00e1pa tekint\u00e9ly\u00e9t mindig pozit\u00edvan \u00e9rt\u00e9kelt\u00e9k, \u00e9s ez a hozz\u00e1\u00e1ll\u00e1s a mai napig megmaradt az emberek tudat\u00e1ban. Bergoglio tudja ezt, \u00e9s vissza\u00e9l az ellopott p\u00e1pai tekint\u00e9llyel az egyh\u00e1z \u00e9s az emberis\u00e9g ellen.<\/p>\n<p style=\"text-align: justify;\">Tisztelt Minisztereln\u00f6k \u00dar, <strong>am\u00edg van m\u00e9g id\u0151, k\u00e9rj\u00fck, besz\u00e9ljen a katolikus p\u00fcsp\u00f6k\u00f6kkel, \u00e9s el\u0151zetesen gondoskodjon az eucharisztikus kongresszus t\u00f6rl\u00e9s\u00e9r\u0151l.<\/strong><\/p>\n<p style=\"text-align: justify;\">Ha azonban az elitek nyom\u00e1sa k\u00e9nyszer\u00edti a kongresszus elfogad\u00e1s\u00e1ra, Bergoglio l\u00e1togat\u00e1s\u00e1val p\u00e1rosulva, akkor legal\u00e1bb lelki v\u00e9delmet ig\u00e9nyel a lelki pestis hordoz\u00f3ja ellen. <strong>V\u00e1lasszon legal\u00e1bb t\u00edz \u00f6rd\u00f6g\u0171z\u0151t, olyan f\u00e9rfit, akik ha Begoglio meg\u00e9rkezik \u00f6rd\u00f6g\u0171z\u0151 im\u00e1t im\u00e1dkoznak felette. <\/strong>Fontos, hogy a t\u00f6megt\u00e1j\u00e9koztat\u00e1s is tudja, mely konkr\u00e9t d\u00e9monokat \u0171zt\u00e9k ki bel\u0151le. Az, hogy mindegyik\u00fck kij\u00f6n-e vagy sem, m\u00e1s k\u00e9rd\u00e9s,<strong> de azonos\u00edtani kell\u00a0 \u0151ket.<\/strong> Semmilyen k\u00f6r\u00fclm\u00e9nyek k\u00f6z\u00f6tt ne hagyja, hogy Bergoglio mag\u00e1hoz \u00f6lelje, \u00e9s hat\u00e1rozottan ne engedje, hogy megcs\u00f3kolja a l\u00e1b\u00e1t, mint egy transzszexu\u00e1lis. Bergoglio val\u00f3ban komikus, cirkuszi el\u0151ad\u00f3 \u00e9s sz\u00edn\u00e9sz.<\/p>\n<p style=\"text-align: justify;\">S\u0151t, ez a vall\u00e1si cselsz\u00f6v\u0151 intrik\u00e1kat \u00e9s manipul\u00e1ci\u00f3kat haszn\u00e1lva k\u00f6zismerten el\u0151seg\u00edti Eur\u00f3pa iszlamiz\u00e1ci\u00f3j\u00e1t, amely ellen Magyarorsz\u00e1g v\u00e9dekezik.<\/p>\n<p style=\"text-align: justify;\">Bergoglio kijelenti, hogy nem akar visszat\u00e9rni Argent\u00edn\u00e1ba. K\u00f6ztudott, hogy politikai felfordul\u00e1s idej\u00e9n s\u00falyos b\u0171ncselekm\u00e9nyeket k\u00f6vetett el, amelyeket nem b\u00e1nt meg. Mint \u0151 maga is elismeri, ez kihatott a ment\u00e1lis eg\u00e9szs\u00e9g\u00e9re, \u00e9s f\u00e9l \u00e9vig pszichi\u00e1terrel kellett kezelnie.<\/p>\n<p style=\"text-align: justify;\">Tisztelt minisztereln\u00f6k \u00far, tisztelt magyar korm\u00e1nytagok, arra k\u00e9rj\u00fck \u00d6nt, hogy ne vegye k\u00f6nnyed\u00e9n a figyelmeztet\u00e9st Bergoglio l\u00e1togat\u00e1sa ellen. Ha m\u00e9gis enyh\u00edti a \u00a0figyelmeztet\u00e9st, az visszaford\u00edthatatlan tragikus k\u00f6vetkezm\u00e9nyekkel j\u00e1rhat a magyar emberek sz\u00e1m\u00e1ra.<\/p>\n<p style=\"text-align: justify; padding-left: 40px;\">Tisztelettel<\/p>\n<p>&nbsp;<\/p>\n<p style=\"text-align: center;\">+ Ill\u00e9s<\/p>\n<p style=\"text-align: center;\">A biz\u00e1nci katolikus patriarch\u00e1tus p\u00e1tri\u00e1rk\u00e1ja<\/p>\n<p style=\"text-align: center;\">+ Methodius OSBMr\u00a0\u00a0\u00a0\u00a0\u00a0\u00a0\u00a0\u00a0 \u00a0+ Tim\u00f3teus OSBMr<\/p>\n<p style=\"text-align: center;\">P\u00fcsp\u00f6ki titk\u00e1rok<\/p>\n<p>&nbsp;<\/p>\n<p style=\"text-align: justify;\"><em><strong>Let\u00f6lt\u00e9s: <a href=\"http:\/\/vkpatriarhat.org\/hu\/wp-content\/uploads\/2021\/05\/hu-Miert-akar-Ferenc-Bergoglio-ellatogatni-Magyarorszagra.doc\">Mi\u00e9rt akar Ferenc Bergoglio ell\u00e1togatni Magyarorsz\u00e1gra? (29.4.2021)<\/a><\/strong><\/em><\/p>\n<p>&nbsp;<\/p>\n<p>&nbsp;<\/p>\n","protected":false},"excerpt":{"rendered":"<p>29.4.2021 Tisztelt Minisztereln\u00f6k \u00dar! Tisztelt korm\u00e1nytisztvisel\u0151k! Tisztelt magyar \u00e1llampolg\u00e1rok, Bergoglio az \u00fagynevezett eucharisztikus kongresszus \u00fcr\u00fcgy\u00e9n 2021. szeptember 12-re tervezett magyarorsz\u00e1gi l\u00e1togat\u00e1st. Fel kell ismerni, hogy ki az a Bergoglio, az \u00fagynevezett Ferenc p\u00e1pa, \u00e9s mit t\u00e1mogat. Vajon Bergoglio \u00e9rv\u00e9nyes p\u00e1pa Isten el\u0151tt \u00e9s az egyh\u00e1z el\u0151tt? \u0150 nem! \u0150 eretik, aki\u00a0kiz\u00e1rta mag\u00e1t az egyh\u00e1zb\u00f3l. Nyilv\u00e1nosan [&hellip;]<\/p>\n","protected":false},"author":1,"featured_media":0,"comment_status":"closed","ping_status":"closed","sticky":false,"template":"","format":"standard","meta":[],"categories":[77,40,36],"tags":[],"_links":{"self":[{"href":"https:\/\/vkpatriarhat.org\/hu\/wp-json\/wp\/v2\/posts\/20417"}],"collection":[{"href":"https:\/\/vkpatriarhat.org\/hu\/wp-json\/wp\/v2\/posts"}],"about":[{"href":"https:\/\/vkpatriarhat.org\/hu\/wp-json\/wp\/v2\/types\/post"}],"author":[{"embeddable":true,"href":"https:\/\/vkpatriarhat.org\/hu\/wp-json\/wp\/v2\/users\/1"}],"replies":[{"embeddable":true,"href":"https:\/\/vkpatriarhat.org\/hu\/wp-json\/wp\/v2\/comments?post=20417"}],"version-history":[{"count":5,"href":"https:\/\/vkpatriarhat.org\/hu\/wp-json\/wp\/v2\/posts\/20417\/revisions"}],"predecessor-version":[{"id":20430,"href":"https:\/\/vkpatriarhat.org\/hu\/wp-json\/wp\/v2\/posts\/20417\/revisions\/20430"}],"wp:attachment":[{"href":"https:\/\/vkpatriarhat.org\/hu\/wp-json\/wp\/v2\/media?parent=20417"}],"wp:term":[{"taxonomy":"category","embeddable":true,"href":"https:\/\/vkpatriarhat.org\/hu\/wp-json\/wp\/v2\/categories?post=20417"},{"taxonomy":"post_tag","embeddable":true,"href":"https:\/\/vkpatriarhat.org\/hu\/wp-json\/wp\/v2\/tags?post=20417"}],"curies":[{"name":"wp","href":"https:\/\/api.w.org\/{rel}","templated":true}]}}