{"id":18878,"date":"2020-09-07T10:34:40","date_gmt":"2020-09-07T07:34:40","guid":{"rendered":"http:\/\/vkpatriarhat.org\/hu\/?p=18878"},"modified":"2025-05-01T11:18:10","modified_gmt":"2025-05-01T08:18:10","slug":"lelki-harc-oltas-es-becsippeles","status":"publish","type":"post","link":"https:\/\/vkpatriarhat.org\/hu\/lelki-harc-oltas-es-becsippeles\/","title":{"rendered":"Lelki harc \u2013 olt\u00e1s \u00e9s becsippel\u00e9s"},"content":{"rendered":"\t\t<div data-elementor-type=\"wp-post\" data-elementor-id=\"18878\" class=\"elementor elementor-18878\" data-elementor-settings=\"[]\">\n\t\t\t\t\t\t\t<div class=\"elementor-section-wrap\">\n\t\t\t\t\t\t\t<section class=\"elementor-section elementor-top-section elementor-element elementor-element-703c6190 elementor-section-boxed elementor-section-height-default elementor-section-height-default\" data-id=\"703c6190\" data-element_type=\"section\">\n\t\t\t\t\t\t<div class=\"elementor-container elementor-column-gap-default\">\n\t\t\t\t\t<div class=\"elementor-column elementor-col-100 elementor-top-column elementor-element elementor-element-514e3d4\" data-id=\"514e3d4\" data-element_type=\"column\">\n\t\t\t<div class=\"elementor-widget-wrap elementor-element-populated\">\n\t\t\t\t\t\t\t\t<div class=\"elementor-element elementor-element-2d3a7b53 elementor-widget elementor-widget-text-editor\" data-id=\"2d3a7b53\" data-element_type=\"widget\" data-widget_type=\"text-editor.default\">\n\t\t\t\t<div class=\"elementor-widget-container\">\n\t\t\t\t\t\t\t<p style=\"text-align: justify;\"><em><strong>2020. j\u00fanius 7<\/strong><\/em><\/p><p style=\"text-align: justify;\">Olyan id\u0151ben \u00e9l\u00fcnk, amely megk\u00f6veteli, hogy alapvet\u0151 tudom\u00e1nyos inform\u00e1ci\u00f3kkal rendelkezz\u00fcnk a az emberis\u00e9g cs\u00f6kkent\u00e9s\u00e9re ir\u00e1nyul\u00f3 aktivit\u00e1sokrol. Azok, akik ezt el\u0151mozd\u00edtj\u00e1k, teljes ellen\u0151rz\u00e9s alatt tartj\u00e1k a mainstream m\u00e9di\u00e1kat, \u00e9s l\u00e1tjuk, hogy a lakoss\u00e1g nagy r\u00e9sz\u00e9vel tetsz\u00e9s szerint manipul\u00e1lnak. Meggy\u0151z\u0151dt\u00fcnk err\u0151l a coronapsychoszisban. A szab\u00e1lyt, miszerint mindig meg kell hallgatni a m\u00e1sik oldalt is, elmulasztott\u00e1k. Ez\u00e9rt van sz\u00fcks\u00e9g a megvil\u00e1gosod\u00e1sra azokt\u00f3l, akik a m\u00e1sik oldalt is hallj\u00e1k, \u00e9s \u0151szint\u00e9n keresik az igazs\u00e1got.<\/p><p style=\"text-align: justify;\">Mit mondanak ma a szil\u00e1rd tud\u00f3sok arr\u00f3l, hogy mi t\u00f6rt\u00e9nne, ha Gatesnek siker\u00fcl bevezetnie a k\u00f6telez\u0151 olt\u00e1si \u00fctemtervet az Egyes\u00fclt \u00c1llamokban?<\/p><div style=\"text-align: center;\"><p><script src=\"https:\/\/fast.wistia.com\/embed\/medias\/kbxfbfmmy8.jsonp\" async><\/script><script src=\"https:\/\/fast.wistia.com\/assets\/external\/E-v1.js\" async><\/script><\/p><div class=\"wistia_responsive_padding\" style=\"padding: 56.25% 0 0 0; position: relative;\"><div class=\"wistia_responsive_wrapper\" style=\"height: 100%; left: 0; position: absolute; top: 0; width: 100%;\"><div class=\"wistia_embed wistia_async_kbxfbfmmy8 videoFoam=true\" style=\"height: 100%; position: relative; width: 100%;\"><div class=\"wistia_swatch\" style=\"height: 100%; left: 0; opacity: 0; overflow: hidden; position: absolute; top: 0; transition: opacity 200ms; width: 100%;\"><img style=\"filter: blur(5px); height: 100%; object-fit: contain; width: 100%;\" src=\"https:\/\/fast.wistia.com\/embed\/medias\/kbxfbfmmy8\/swatch\" alt=\"\" aria-hidden=\"true\" \/><\/div><\/div><\/div><\/div><\/div><p><\/p><\/div><\/div><\/div><\/div><\/div><\/section><\/div><\/div><br><a class=\"btn btn-theme post-btn\" href=\"https:\/\/vkpatriarhat.org\/hu\/lelki-harc-oltas-es-becsippeles\/\">\u0427\u0438\u0442\u0430\u0442\u0438 \u0434\u0430\u043b\u0456<\/a>","protected":false},"excerpt":{"rendered":"<p>2020. j\u00fanius 7 Olyan id\u0151ben \u00e9l\u00fcnk, amely megk\u00f6veteli, hogy alapvet\u0151 tudom\u00e1nyos inform\u00e1ci\u00f3kkal rendelkezz\u00fcnk a az emberis\u00e9g cs\u00f6kkent\u00e9s\u00e9re ir\u00e1nyul\u00f3 aktivit\u00e1sokrol. Azok, akik ezt el\u0151mozd\u00edtj\u00e1k, teljes ellen\u0151rz\u00e9s alatt tartj\u00e1k a mainstream m\u00e9di\u00e1kat, \u00e9s l\u00e1tjuk, hogy a lakoss\u00e1g nagy r\u00e9sz\u00e9vel tetsz\u00e9s szerint manipul\u00e1lnak. Meggy\u0151z\u0151dt\u00fcnk err\u0151l a coronapsychoszisban. A szab\u00e1lyt, miszerint mindig meg kell hallgatni a m\u00e1sik oldalt is, [&hellip;]<\/p>\n","protected":false},"author":1,"featured_media":0,"comment_status":"closed","ping_status":"closed","sticky":false,"template":"","format":"standard","meta":[],"categories":[77,71,74,85],"tags":[],"_links":{"self":[{"href":"https:\/\/vkpatriarhat.org\/hu\/wp-json\/wp\/v2\/posts\/18878"}],"collection":[{"href":"https:\/\/vkpatriarhat.org\/hu\/wp-json\/wp\/v2\/posts"}],"about":[{"href":"https:\/\/vkpatriarhat.org\/hu\/wp-json\/wp\/v2\/types\/post"}],"author":[{"embeddable":true,"href":"https:\/\/vkpatriarhat.org\/hu\/wp-json\/wp\/v2\/users\/1"}],"replies":[{"embeddable":true,"href":"https:\/\/vkpatriarhat.org\/hu\/wp-json\/wp\/v2\/comments?post=18878"}],"version-history":[{"count":13,"href":"https:\/\/vkpatriarhat.org\/hu\/wp-json\/wp\/v2\/posts\/18878\/revisions"}],"predecessor-version":[{"id":26522,"href":"https:\/\/vkpatriarhat.org\/hu\/wp-json\/wp\/v2\/posts\/18878\/revisions\/26522"}],"wp:attachment":[{"href":"https:\/\/vkpatriarhat.org\/hu\/wp-json\/wp\/v2\/media?parent=18878"}],"wp:term":[{"taxonomy":"category","embeddable":true,"href":"https:\/\/vkpatriarhat.org\/hu\/wp-json\/wp\/v2\/categories?post=18878"},{"taxonomy":"post_tag","embeddable":true,"href":"https:\/\/vkpatriarhat.org\/hu\/wp-json\/wp\/v2\/tags?post=18878"}],"curies":[{"name":"wp","href":"https:\/\/api.w.org\/{rel}","templated":true}]}}